
			
				

					
				

			
		{"items":"\n\t\t\t\t\t\t\t\t\t\t\t\n<article id=\"post-3209\" class=\"wd-post blog-design-masonry blog-post-loop blog-style-bg wd-add-shadow wd-col post-3209 post type-post status-publish format-standard hentry category-novosti\">\n\t<div class=\"article-inner\">\n\t\t\t\t\t<header class=\"entry-header\">\n\t\t\t\t\n\t\t\t\t\t\t\t\t\t\t\t\t<div class=\"post-date wd-post-date wd-style-with-bg\">\n\t\t\t\t<span class=\"post-date-day\">\n\t\t\t\t\t20\t\t\t\t<\/span>\n\t\t\t\t<span class=\"post-date-month\">\n\t\t\t\t\truj\t\t\t\t<\/span>\n\t\t\t<\/div>\n\t\t\t\t\t\t\n\t\t\t<\/header><!-- .entry-header -->\n\n\t\t<div class=\"article-body-container\">\n\t\t\t\n\t\t\t\t\n\t\t\t\t\t\t\t\t\t<h3 class=\"wd-entities-title title post-title\">\n\t\t\t\t\t\t<a href=\"https:\/\/cadglobal.eu\/hr\/novosti\/20-09-2022-oglas-za-posao-cad-konzultant-u-prodaji\/\" rel=\"bookmark\">Oglas za posao-CAD konzultant u prodaji<\/a>\n\t\t\t\t\t<\/h3>\n\t\t\t\t\n\t\t\t\t\t\t\t\n\t\t\t\t\t\t\t\n\t\t\t\t                    <div class=\"entry-content wd-entry-content\">\n\t\t\t\t\t\t<p>Zbog rasta prodaje i otvaranja prodaje u novim zemljama tra\u017eimo organiziranu, pouzdanu i odgovornu osobu za radno mjesto CAD konzultanta u prodaji.<\/p>\n\n\t\t\t\t\t\t\t\t\t\t\t<\/div><!-- .entry-content -->\n\t\t\t\t\n\t\t\t\t\t\t\t\t\t\t\t\t\t\t<p class=\"read-more-section\">\n\t\t\t\t\t\t<a class=\"btn-read-more more-link\" href=\"https:\/\/cadglobal.eu\/hr\/novosti\/20-09-2022-oglas-za-posao-cad-konzultant-u-prodaji\/\">Pro\u010ditaj vi\u0161e<\/a>\t\t\t\t\t<\/p>\n\t\t\t\t\t\t\t\t\t\t\t\n\t\t\t\n\t\t\t\t\t<\/div>\n\t<\/div>\n<\/article><!-- #post -->\n\n\n\t\t\t\t\t\t\t\t\t\t\t\n<article id=\"post-3201\" class=\"wd-post blog-design-masonry blog-post-loop blog-style-bg wd-add-shadow wd-col post-3201 post type-post status-publish format-standard has-post-thumbnail hentry category-novosti\">\n\t<div class=\"article-inner\">\n\t\t\t\t\t<header class=\"entry-header\">\n\t\t\t\t\t\t\t\t\t<figure id=\"carousel-344\" class=\"entry-thumbnail\">\n\t\t\t\t\t\t\n\t\t\t\t\t\t\t<div class=\"post-img-wrapp\">\n\t\t\t\t\t\t\t\t<a href=\"https:\/\/cadglobal.eu\/hr\/novosti\/4-7-2022-poziv-na-dodjelu-bespovratnih-sredstava-za-cad-licence\/\">\n\t\t\t\t\t\t\t\t\t<img width=\"900\" height=\"563\" src=\"https:\/\/cadglobal.eu\/wp-content\/uploads\/2024\/04\/progecad-money_Mala.jpg\" class=\"attachment-large size-large\" alt=\"\" decoding=\"async\" srcset=\"https:\/\/cadglobal.eu\/wp-content\/uploads\/2024\/04\/progecad-money_Mala.jpg 900w, https:\/\/cadglobal.eu\/wp-content\/uploads\/2024\/04\/progecad-money_Mala-400x250.jpg 400w, https:\/\/cadglobal.eu\/wp-content\/uploads\/2024\/04\/progecad-money_Mala-768x480.jpg 768w, https:\/\/cadglobal.eu\/wp-content\/uploads\/2024\/04\/progecad-money_Mala-700x438.jpg 700w, https:\/\/cadglobal.eu\/wp-content\/uploads\/2024\/04\/progecad-money_Mala-150x94.jpg 150w\" sizes=\"(max-width: 900px) 100vw, 900px\" \/>\t\t\t\t\t\t\t\t<\/a>\n\t\t\t\t\t\t\t<\/div>\n\t\t\t\t\t\t\t<div class=\"post-image-mask\">\n\t\t\t\t\t\t\t\t<span><\/span>\n\t\t\t\t\t\t\t<\/div>\n\n\t\t\t\t\t\t\n\t\t\t\t\t<\/figure>\n\t\t\t\t\n\t\t\t\t\t\t\t\t\t\t\t\t<div class=\"post-date wd-post-date wd-style-with-bg\">\n\t\t\t\t<span class=\"post-date-day\">\n\t\t\t\t\t04\t\t\t\t<\/span>\n\t\t\t\t<span class=\"post-date-month\">\n\t\t\t\t\tsrp\t\t\t\t<\/span>\n\t\t\t<\/div>\n\t\t\t\t\t\t\n\t\t\t<\/header><!-- .entry-header -->\n\n\t\t<div class=\"article-body-container\">\n\t\t\t\n\t\t\t\t\n\t\t\t\t\t\t\t\t\t<h3 class=\"wd-entities-title title post-title\">\n\t\t\t\t\t\t<a href=\"https:\/\/cadglobal.eu\/hr\/novosti\/4-7-2022-poziv-na-dodjelu-bespovratnih-sredstava-za-cad-licence\/\" rel=\"bookmark\">Poziv na dodjelu bespovratnih sredstava za CAD licence<\/a>\n\t\t\t\t\t<\/h3>\n\t\t\t\t\n\t\t\t\t\t\t\t\n\t\t\t\t\t\t\t\n\t\t\t\t                    <div class=\"entry-content wd-entry-content\">\n\t\t\t\t\t\t<p>Bilo da ste na poslu ili na odmoru, \u017eelimo Vas podsjetiti da ovih dana morate koristiti puno teku\u0107ine, hlad i bespovratne subvencije !<\/p>\n\n\t\t\t\t\t\t\t\t\t\t\t<\/div><!-- .entry-content -->\n\t\t\t\t\n\t\t\t\t\t\t\t\t\t\t\t\t\t\t<p class=\"read-more-section\">\n\t\t\t\t\t\t<a class=\"btn-read-more more-link\" href=\"https:\/\/cadglobal.eu\/hr\/novosti\/4-7-2022-poziv-na-dodjelu-bespovratnih-sredstava-za-cad-licence\/\">Pro\u010ditaj vi\u0161e<\/a>\t\t\t\t\t<\/p>\n\t\t\t\t\t\t\t\t\t\t\t\n\t\t\t\n\t\t\t\t\t<\/div>\n\t<\/div>\n<\/article><!-- #post -->\n\n\n\t\t\t\t\t\t\t\t\t\t\t\n<article id=\"post-3134\" class=\"wd-post blog-design-masonry blog-post-loop blog-style-bg wd-add-shadow wd-col post-3134 post type-post status-publish format-standard has-post-thumbnail hentry category-novosti\">\n\t<div class=\"article-inner\">\n\t\t\t\t\t<header class=\"entry-header\">\n\t\t\t\t\t\t\t\t\t<figure id=\"carousel-640\" class=\"entry-thumbnail\">\n\t\t\t\t\t\t\n\t\t\t\t\t\t\t<div class=\"post-img-wrapp\">\n\t\t\t\t\t\t\t\t<a href=\"https:\/\/cadglobal.eu\/hr\/novosti\/velika-usporedba-cad-programa-na-nasem-trzistu\/\">\n\t\t\t\t\t\t\t\t\t<img width=\"1240\" height=\"800\" src=\"https:\/\/cadglobal.eu\/wp-content\/uploads\/2024\/04\/CADPROGRAMusporedba_Mala-1240x800.jpg\" class=\"attachment-large size-large\" alt=\"Velika usporedba CAD programa na na\u0161em tr\u017ei\u0161tu\" decoding=\"async\" srcset=\"https:\/\/cadglobal.eu\/wp-content\/uploads\/2024\/04\/CADPROGRAMusporedba_Mala-1240x800.jpg 1240w, https:\/\/cadglobal.eu\/wp-content\/uploads\/2024\/04\/CADPROGRAMusporedba_Mala-400x258.jpg 400w, https:\/\/cadglobal.eu\/wp-content\/uploads\/2024\/04\/CADPROGRAMusporedba_Mala-768x495.jpg 768w, https:\/\/cadglobal.eu\/wp-content\/uploads\/2024\/04\/CADPROGRAMusporedba_Mala-700x452.jpg 700w, https:\/\/cadglobal.eu\/wp-content\/uploads\/2024\/04\/CADPROGRAMusporedba_Mala-150x97.jpg 150w, https:\/\/cadglobal.eu\/wp-content\/uploads\/2024\/04\/CADPROGRAMusporedba_Mala.jpg 1400w\" sizes=\"(max-width: 1240px) 100vw, 1240px\" \/>\t\t\t\t\t\t\t\t<\/a>\n\t\t\t\t\t\t\t<\/div>\n\t\t\t\t\t\t\t<div class=\"post-image-mask\">\n\t\t\t\t\t\t\t\t<span><\/span>\n\t\t\t\t\t\t\t<\/div>\n\n\t\t\t\t\t\t\n\t\t\t\t\t<\/figure>\n\t\t\t\t\n\t\t\t\t\t\t\t\t\t\t\t\t<div class=\"post-date wd-post-date wd-style-with-bg\">\n\t\t\t\t<span class=\"post-date-day\">\n\t\t\t\t\t28\t\t\t\t<\/span>\n\t\t\t\t<span class=\"post-date-month\">\n\t\t\t\t\tlip\t\t\t\t<\/span>\n\t\t\t<\/div>\n\t\t\t\t\t\t\n\t\t\t<\/header><!-- .entry-header -->\n\n\t\t<div class=\"article-body-container\">\n\t\t\t\n\t\t\t\t\n\t\t\t\t\t\t\t\t\t<h3 class=\"wd-entities-title title post-title\">\n\t\t\t\t\t\t<a href=\"https:\/\/cadglobal.eu\/hr\/novosti\/velika-usporedba-cad-programa-na-nasem-trzistu\/\" rel=\"bookmark\">Velika usporedba CAD programa na na\u0161em tr\u017ei\u0161tu<\/a>\n\t\t\t\t\t<\/h3>\n\t\t\t\t\n\t\t\t\t\t\t\t\n\t\t\t\t\t\t\t\n\t\t\t\t                    <div class=\"entry-content wd-entry-content\">\n\t\t\t\t\t\t<p>Donosimo Vam veliku usporedbu CAD programa na na\u0161em tr\u017ei\u0161tu. Kliknite ovdje za vi\u0161e informacija.<\/p>\n\n\t\t\t\t\t\t\t\t\t\t\t<\/div><!-- .entry-content -->\n\t\t\t\t\n\t\t\t\t\t\t\t\t\t\t\t\t\t\t<p class=\"read-more-section\">\n\t\t\t\t\t\t<a class=\"btn-read-more more-link\" href=\"https:\/\/cadglobal.eu\/hr\/novosti\/velika-usporedba-cad-programa-na-nasem-trzistu\/\">Pro\u010ditaj vi\u0161e<\/a>\t\t\t\t\t<\/p>\n\t\t\t\t\t\t\t\t\t\t\t\n\t\t\t\n\t\t\t\t\t<\/div>\n\t<\/div>\n<\/article><!-- #post -->\n\n\n\t\t\t\t\t\t\t\t\t\t\t\n<article id=\"post-3190\" class=\"wd-post blog-design-masonry blog-post-loop blog-style-bg wd-add-shadow wd-col post-3190 post type-post status-publish format-standard hentry category-reseller-program\">\n\t<div class=\"article-inner\">\n\t\t\t\t\t<header class=\"entry-header\">\n\t\t\t\t\n\t\t\t\t\t\t\t\t\t\t\t\t<div class=\"post-date wd-post-date wd-style-with-bg\">\n\t\t\t\t<span class=\"post-date-day\">\n\t\t\t\t\t02\t\t\t\t<\/span>\n\t\t\t\t<span class=\"post-date-month\">\n\t\t\t\t\ttra\t\t\t\t<\/span>\n\t\t\t<\/div>\n\t\t\t\t\t\t\n\t\t\t<\/header><!-- .entry-header -->\n\n\t\t<div class=\"article-body-container\">\n\t\t\t\n\t\t\t\t\n\t\t\t\t\t\t\t\t\t<h3 class=\"wd-entities-title title post-title\">\n\t\t\t\t\t\t<a href=\"https:\/\/cadglobal.eu\/hr\/reseller-program\/postanite-partner-reseller-u-daljnjoj-prodaji-cad-programa\/\" rel=\"bookmark\">Postanite partner\/reseller u daljnjoj prodaji CAD programa<\/a>\n\t\t\t\t\t<\/h3>\n\t\t\t\t\n\t\t\t\t\t\t\t\n\t\t\t\t\t\t\t\n\t\t\t\t                    <div class=\"entry-content wd-entry-content\">\n\t\t\t\t\t\t<p>Vrlo lako i brzo mo\u017eete postati Reseller partner progeCAD Hrvatska, ostvariti do 10 puta ve\u0107u zaradu nego u prodaji AutoCAD-a i drugog CAD softvera te u\u0161tediti puno novaca svojim klijentima.<\/p>\n\n\t\t\t\t\t\t\t\t\t\t\t<\/div><!-- .entry-content -->\n\t\t\t\t\n\t\t\t\t\t\t\t\t\t\t\t\t\t\t<p class=\"read-more-section\">\n\t\t\t\t\t\t<a class=\"btn-read-more more-link\" href=\"https:\/\/cadglobal.eu\/hr\/reseller-program\/postanite-partner-reseller-u-daljnjoj-prodaji-cad-programa\/\">Pro\u010ditaj vi\u0161e<\/a>\t\t\t\t\t<\/p>\n\t\t\t\t\t\t\t\t\t\t\t\n\t\t\t\n\t\t\t\t\t<\/div>\n\t<\/div>\n<\/article><!-- #post -->\n\n\n\t\t\t\t\t\t\t\t\t\t\t\n<article id=\"post-3153\" class=\"wd-post blog-design-masonry blog-post-loop blog-style-bg wd-add-shadow wd-col post-3153 post type-post status-publish format-standard hentry category-novosti\">\n\t<div class=\"article-inner\">\n\t\t\t\t\t<header class=\"entry-header\">\n\t\t\t\t\n\t\t\t\t\t\t\t\t\t\t\t\t<div class=\"post-date wd-post-date wd-style-with-bg\">\n\t\t\t\t<span class=\"post-date-day\">\n\t\t\t\t\t02\t\t\t\t<\/span>\n\t\t\t\t<span class=\"post-date-month\">\n\t\t\t\t\ttra\t\t\t\t<\/span>\n\t\t\t<\/div>\n\t\t\t\t\t\t\n\t\t\t<\/header><!-- .entry-header -->\n\n\t\t<div class=\"article-body-container\">\n\t\t\t\n\t\t\t\t\n\t\t\t\t\t\t\t\t\t<h3 class=\"wd-entities-title title post-title\">\n\t\t\t\t\t\t<a href=\"https:\/\/cadglobal.eu\/hr\/novosti\/edukacijska-licenca-progecad-a-besplatna-za-skole-i-fakultete\/\" rel=\"bookmark\">Edukacijska licenca progeCAD-a besplatna za \u0161kole i fakultete<\/a>\n\t\t\t\t\t<\/h3>\n\t\t\t\t\n\t\t\t\t\t\t\t\n\t\t\t\t\t\t\t\n\t\t\t\t                    <div class=\"entry-content wd-entry-content\">\n\t\t\t\t\t\t<p>30.11.2011. Edukacijska licenca progeCAD-a besplatna za \u0161kole i fakultete<\/p>\n\n\t\t\t\t\t\t\t\t\t\t\t<\/div><!-- .entry-content -->\n\t\t\t\t\n\t\t\t\t\t\t\t\t\t\t\t\t\t\t<p class=\"read-more-section\">\n\t\t\t\t\t\t<a class=\"btn-read-more more-link\" href=\"https:\/\/cadglobal.eu\/hr\/novosti\/edukacijska-licenca-progecad-a-besplatna-za-skole-i-fakultete\/\">Pro\u010ditaj vi\u0161e<\/a>\t\t\t\t\t<\/p>\n\t\t\t\t\t\t\t\t\t\t\t\n\t\t\t\n\t\t\t\t\t<\/div>\n\t<\/div>\n<\/article><!-- #post -->\n\n\n\t\t\t\t\t\t\t\t\t\t\t\n<article id=\"post-3139\" class=\"wd-post blog-design-masonry blog-post-loop blog-style-bg wd-add-shadow wd-col post-3139 post type-post status-publish format-standard has-post-thumbnail hentry category-novosti\">\n\t<div class=\"article-inner\">\n\t\t\t\t\t<header class=\"entry-header\">\n\t\t\t\t\t\t\t\t\t<figure id=\"carousel-764\" class=\"entry-thumbnail\">\n\t\t\t\t\t\t\n\t\t\t\t\t\t\t<div class=\"post-img-wrapp\">\n\t\t\t\t\t\t\t\t<a href=\"https:\/\/cadglobal.eu\/hr\/novosti\/najavljen-je-novi-progecad-2022\/\">\n\t\t\t\t\t\t\t\t\t<img width=\"837\" height=\"600\" src=\"https:\/\/cadglobal.eu\/wp-content\/uploads\/2024\/04\/progeCAD_new_version_Mala.jpg\" class=\"attachment-large size-large\" alt=\"Najavljen je novi progeCAD 2022\" decoding=\"async\" srcset=\"https:\/\/cadglobal.eu\/wp-content\/uploads\/2024\/04\/progeCAD_new_version_Mala.jpg 837w, https:\/\/cadglobal.eu\/wp-content\/uploads\/2024\/04\/progeCAD_new_version_Mala-400x287.jpg 400w, https:\/\/cadglobal.eu\/wp-content\/uploads\/2024\/04\/progeCAD_new_version_Mala-768x551.jpg 768w, https:\/\/cadglobal.eu\/wp-content\/uploads\/2024\/04\/progeCAD_new_version_Mala-700x502.jpg 700w, https:\/\/cadglobal.eu\/wp-content\/uploads\/2024\/04\/progeCAD_new_version_Mala-150x108.jpg 150w\" sizes=\"(max-width: 837px) 100vw, 837px\" \/>\t\t\t\t\t\t\t\t<\/a>\n\t\t\t\t\t\t\t<\/div>\n\t\t\t\t\t\t\t<div class=\"post-image-mask\">\n\t\t\t\t\t\t\t\t<span><\/span>\n\t\t\t\t\t\t\t<\/div>\n\n\t\t\t\t\t\t\n\t\t\t\t\t<\/figure>\n\t\t\t\t\n\t\t\t\t\t\t\t\t\t\t\t\t<div class=\"post-date wd-post-date wd-style-with-bg\">\n\t\t\t\t<span class=\"post-date-day\">\n\t\t\t\t\t26\t\t\t\t<\/span>\n\t\t\t\t<span class=\"post-date-month\">\n\t\t\t\t\tkol\t\t\t\t<\/span>\n\t\t\t<\/div>\n\t\t\t\t\t\t\n\t\t\t<\/header><!-- .entry-header -->\n\n\t\t<div class=\"article-body-container\">\n\t\t\t\n\t\t\t\t\n\t\t\t\t\t\t\t\t\t<h3 class=\"wd-entities-title title post-title\">\n\t\t\t\t\t\t<a href=\"https:\/\/cadglobal.eu\/hr\/novosti\/najavljen-je-novi-progecad-2022\/\" rel=\"bookmark\">Najavljen je novi progeCAD 2022<\/a>\n\t\t\t\t\t<\/h3>\n\t\t\t\t\n\t\t\t\t\t\t\t\n\t\t\t\t\t\t\t\n\t\t\t\t                    <div class=\"entry-content wd-entry-content\">\n\t\t\t\t\t\t<p>Jutros je stigla vesela vijest iz \u0160vicarske, najavljeno je lansiranje progeCAD 2022 za studeni !<\/p>\n\n\t\t\t\t\t\t\t\t\t\t\t<\/div><!-- .entry-content -->\n\t\t\t\t\n\t\t\t\t\t\t\t\t\t\t\t\t\t\t<p class=\"read-more-section\">\n\t\t\t\t\t\t<a class=\"btn-read-more more-link\" href=\"https:\/\/cadglobal.eu\/hr\/novosti\/najavljen-je-novi-progecad-2022\/\">Pro\u010ditaj vi\u0161e<\/a>\t\t\t\t\t<\/p>\n\t\t\t\t\t\t\t\t\t\t\t\n\t\t\t\n\t\t\t\t\t<\/div>\n\t<\/div>\n<\/article><!-- #post -->\n\n\n\t\t\t\t\t\t\t\t\t\t\t\n<article id=\"post-3187\" class=\"wd-post blog-design-masonry blog-post-loop blog-style-bg wd-add-shadow wd-col post-3187 post type-post status-publish format-standard has-post-thumbnail hentry category-novosti\">\n\t<div class=\"article-inner\">\n\t\t\t\t\t<header class=\"entry-header\">\n\t\t\t\t\t\t\t\t\t<figure id=\"carousel-681\" class=\"entry-thumbnail\">\n\t\t\t\t\t\t\n\t\t\t\t\t\t\t<div class=\"post-img-wrapp\">\n\t\t\t\t\t\t\t\t<a href=\"https:\/\/cadglobal.eu\/hr\/novosti\/discovery-teleskop-projektiran-pomocu-progecad-a\/\">\n\t\t\t\t\t\t\t\t\t<img width=\"1\" height=\"1\" src=\"https:\/\/cadglobal.eu\/wp-content\/uploads\/2024\/04\/progeCAD-render-of-telescope-mount_Velika.jpg\" class=\"attachment-large size-large\" alt=\"\" decoding=\"async\" \/>\t\t\t\t\t\t\t\t<\/a>\n\t\t\t\t\t\t\t<\/div>\n\t\t\t\t\t\t\t<div class=\"post-image-mask\">\n\t\t\t\t\t\t\t\t<span><\/span>\n\t\t\t\t\t\t\t<\/div>\n\n\t\t\t\t\t\t\n\t\t\t\t\t<\/figure>\n\t\t\t\t\n\t\t\t\t\t\t\t\t\t\t\t\t<div class=\"post-date wd-post-date wd-style-with-bg\">\n\t\t\t\t<span class=\"post-date-day\">\n\t\t\t\t\t02\t\t\t\t<\/span>\n\t\t\t\t<span class=\"post-date-month\">\n\t\t\t\t\ttra\t\t\t\t<\/span>\n\t\t\t<\/div>\n\t\t\t\t\t\t\n\t\t\t<\/header><!-- .entry-header -->\n\n\t\t<div class=\"article-body-container\">\n\t\t\t\n\t\t\t\t\n\t\t\t\t\t\t\t\t\t<h3 class=\"wd-entities-title title post-title\">\n\t\t\t\t\t\t<a href=\"https:\/\/cadglobal.eu\/hr\/novosti\/discovery-teleskop-projektiran-pomocu-progecad-a\/\" rel=\"bookmark\">Discovery teleskop projektiran pomo\u0107u progeCAD-a<\/a>\n\t\t\t\t\t<\/h3>\n\t\t\t\t\n\t\t\t\t\t\t\t\n\t\t\t\t\t\t\t\n\t\t\t\t                    <div class=\"entry-content wd-entry-content\">\n\t\t\t\t\t\t<p>Discovery teleskop projektiran pomo\u0107u progeCAD-a.<\/p>\n\n\t\t\t\t\t\t\t\t\t\t\t<\/div><!-- .entry-content -->\n\t\t\t\t\n\t\t\t\t\t\t\t\t\t\t\t\t\t\t<p class=\"read-more-section\">\n\t\t\t\t\t\t<a class=\"btn-read-more more-link\" href=\"https:\/\/cadglobal.eu\/hr\/novosti\/discovery-teleskop-projektiran-pomocu-progecad-a\/\">Pro\u010ditaj vi\u0161e<\/a>\t\t\t\t\t<\/p>\n\t\t\t\t\t\t\t\t\t\t\t\n\t\t\t\n\t\t\t\t\t<\/div>\n\t<\/div>\n<\/article><!-- #post -->\n\n\n\t\t\t\t\t\t\t\t\t\t\t\n<article id=\"post-3210\" class=\"wd-post blog-design-masonry blog-post-loop blog-style-bg wd-add-shadow wd-col post-3210 post type-post status-publish format-standard hentry category-become-a-partner-vendor\">\n\t<div class=\"article-inner\">\n\t\t\t\t\t<header class=\"entry-header\">\n\t\t\t\t\n\t\t\t\t\t\t\t\t\t\t\t\t<div class=\"post-date wd-post-date wd-style-with-bg\">\n\t\t\t\t<span class=\"post-date-day\">\n\t\t\t\t\t02\t\t\t\t<\/span>\n\t\t\t\t<span class=\"post-date-month\">\n\t\t\t\t\ttra\t\t\t\t<\/span>\n\t\t\t<\/div>\n\t\t\t\t\t\t\n\t\t\t<\/header><!-- .entry-header -->\n\n\t\t<div class=\"article-body-container\">\n\t\t\t\n\t\t\t\t\n\t\t\t\t\t\t\t\t\t<h3 class=\"wd-entities-title title post-title\">\n\t\t\t\t\t\t<a href=\"https:\/\/cadglobal.eu\/hr\/become-a-partner-vendor\/become-a-partner-vendor\/\" rel=\"bookmark\">Become a partner &#8211; vendor<\/a>\n\t\t\t\t\t<\/h3>\n\t\t\t\t\n\t\t\t\t\t\t\t\n\t\t\t\t\t\t\t\n\t\t\t\t                    <div class=\"entry-content wd-entry-content\">\n\t\t\t\t\t\tBECOME A PARTNER &ndash; OFFER YOUR PRODUCT THROUGH OUR SALES NETWORK IN&nbsp; COUNTRIES IN EMEA\n\nWe started our business in Croatia in...\n\t\t\t\t\t\t\t\t\t\t\t<\/div><!-- .entry-content -->\n\t\t\t\t\n\t\t\t\t\t\t\t\t\t\t\t\t\t\t<p class=\"read-more-section\">\n\t\t\t\t\t\t<a class=\"btn-read-more more-link\" href=\"https:\/\/cadglobal.eu\/hr\/become-a-partner-vendor\/become-a-partner-vendor\/\">Pro\u010ditaj vi\u0161e<\/a>\t\t\t\t\t<\/p>\n\t\t\t\t\t\t\t\t\t\t\t\n\t\t\t\n\t\t\t\t\t<\/div>\n\t<\/div>\n<\/article><!-- #post -->\n\n\n\t\t\t\t\t\t\t\t\t\t\t\n<article id=\"post-3212\" class=\"wd-post blog-design-masonry blog-post-loop blog-style-bg wd-add-shadow wd-col post-3212 post type-post status-publish format-standard hentry category-cjenik\">\n\t<div class=\"article-inner\">\n\t\t\t\t\t<header class=\"entry-header\">\n\t\t\t\t\n\t\t\t\t\t\t\t\t\t\t\t\t<div class=\"post-date wd-post-date wd-style-with-bg\">\n\t\t\t\t<span class=\"post-date-day\">\n\t\t\t\t\t02\t\t\t\t<\/span>\n\t\t\t\t<span class=\"post-date-month\">\n\t\t\t\t\ttra\t\t\t\t<\/span>\n\t\t\t<\/div>\n\t\t\t\t\t\t\n\t\t\t<\/header><!-- .entry-header -->\n\n\t\t<div class=\"article-body-container\">\n\t\t\t\n\t\t\t\t\n\t\t\t\t\t\t\t\t\t<h3 class=\"wd-entities-title title post-title\">\n\t\t\t\t\t\t<a href=\"https:\/\/cadglobal.eu\/hr\/cjenik\/ponudba-inovativnega-progecad-in-drugih-izdelkov-cad-v-sloveniji\/\" rel=\"bookmark\">Ponudba inovativnega progeCAD in drugih izdelkov CAD v Sloveniji<\/a>\n\t\t\t\t\t<\/h3>\n\t\t\t\t\n\t\t\t\t\t\t\t\n\t\t\t\t\t\t\t\n\t\t\t\t                    <div class=\"entry-content wd-entry-content\">\n\t\t\t\t\t\t<p>Online narud\u017eba u web shopu mogu\u0107a je za Sloveniju, jer dodatno se automatski ra\u010duna DDV 0% ako je Va\u0161a firma DDV obveznik.<\/p>\n\n\t\t\t\t\t\t\t\t\t\t\t<\/div><!-- .entry-content -->\n\t\t\t\t\n\t\t\t\t\t\t\t\t\t\t\t\t\t\t<p class=\"read-more-section\">\n\t\t\t\t\t\t<a class=\"btn-read-more more-link\" href=\"https:\/\/cadglobal.eu\/hr\/cjenik\/ponudba-inovativnega-progecad-in-drugih-izdelkov-cad-v-sloveniji\/\">Pro\u010ditaj vi\u0161e<\/a>\t\t\t\t\t<\/p>\n\t\t\t\t\t\t\t\t\t\t\t\n\t\t\t\n\t\t\t\t\t<\/div>\n\t<\/div>\n<\/article><!-- #post -->\n\n\n\t\t\t\t\t\t\t\t\t\t\t\n<article id=\"post-3173\" class=\"wd-post blog-design-masonry blog-post-loop blog-style-bg wd-add-shadow wd-col post-3173 post type-post status-publish format-standard hentry category-korisnici-hrvatska\">\n\t<div class=\"article-inner\">\n\t\t\t\t\t<header class=\"entry-header\">\n\t\t\t\t\n\t\t\t\t\t\t\t\t\t\t\t\t<div class=\"post-date wd-post-date wd-style-with-bg\">\n\t\t\t\t<span class=\"post-date-day\">\n\t\t\t\t\t02\t\t\t\t<\/span>\n\t\t\t\t<span class=\"post-date-month\">\n\t\t\t\t\ttra\t\t\t\t<\/span>\n\t\t\t<\/div>\n\t\t\t\t\t\t\n\t\t\t<\/header><!-- .entry-header -->\n\n\t\t<div class=\"article-body-container\">\n\t\t\t\n\t\t\t\t\n\t\t\t\t\t\t\t\t\t<h3 class=\"wd-entities-title title post-title\">\n\t\t\t\t\t\t<a href=\"https:\/\/cadglobal.eu\/hr\/korisnici-hrvatska\/progecad-korisnici-hrvatska-slovenija-bih\/\" rel=\"bookmark\">ProgeCAD korisnici &#8211; Hrvatska, Slovenija, BIH<\/a>\n\t\t\t\t\t<\/h3>\n\t\t\t\t\n\t\t\t\t\t\t\t\n\t\t\t\t\t\t\t\n\t\t\t\t                    <div class=\"entry-content wd-entry-content\">\n\t\t\t\t\t\tOdaberite pouzdanog partnera za Va\u0161 posao!\n\nPreko 6.000 zadovoljnih klijenata na podru\u010dju Hrvatske, Slovenije te BiH. Vi\u0161e od 90 fakult...\n\t\t\t\t\t\t\t\t\t\t\t<\/div><!-- .entry-content -->\n\t\t\t\t\n\t\t\t\t\t\t\t\t\t\t\t\t\t\t<p class=\"read-more-section\">\n\t\t\t\t\t\t<a class=\"btn-read-more more-link\" href=\"https:\/\/cadglobal.eu\/hr\/korisnici-hrvatska\/progecad-korisnici-hrvatska-slovenija-bih\/\">Pro\u010ditaj vi\u0161e<\/a>\t\t\t\t\t<\/p>\n\t\t\t\t\t\t\t\t\t\t\t\n\t\t\t\n\t\t\t\t\t<\/div>\n\t<\/div>\n<\/article><!-- #post -->\n\n\n\t\t\t\t\t\n\t\t\t\t\t","status":"have-posts","nextPage":"https:\/\/cadglobal.eu\/hr\/blog\/page\/4\/?woo_ajax=1","currentPage":"https:\/\/cadglobal.eu\/hr\/blog\/page\/3"}