
			
				

					
				

			
		{"items":"\n\t\t\t\t\t\t\t\t\t\t\t\n<article id=\"post-3175\" class=\"wd-post blog-design-masonry blog-post-loop blog-style-bg wd-add-shadow wd-col post-3175 post type-post status-publish format-standard has-post-thumbnail hentry category-novosti\">\n\t<div class=\"article-inner\">\n\t\t\t\t\t<header class=\"entry-header\">\n\t\t\t\t\t\t\t\t\t<figure id=\"carousel-142\" class=\"entry-thumbnail\">\n\t\t\t\t\t\t\n\t\t\t\t\t\t\t<div class=\"post-img-wrapp\">\n\t\t\t\t\t\t\t\t<a href=\"https:\/\/cadglobal.eu\/hr\/novosti\/11-10-2017-kratkotrajna-autocad-akcija-25\/\">\n\t\t\t\t\t\t\t\t\t<img width=\"1200\" height=\"367\" src=\"https:\/\/cadglobal.eu\/wp-content\/uploads\/2024\/04\/autocad_progecad_novost_Mala-1.jpg\" class=\"attachment-large size-large\" alt=\"Kratkotrajna AutoCAD akcija - 25%\" decoding=\"async\" srcset=\"https:\/\/cadglobal.eu\/wp-content\/uploads\/2024\/04\/autocad_progecad_novost_Mala-1.jpg 1200w, https:\/\/cadglobal.eu\/wp-content\/uploads\/2024\/04\/autocad_progecad_novost_Mala-1-400x122.jpg 400w, https:\/\/cadglobal.eu\/wp-content\/uploads\/2024\/04\/autocad_progecad_novost_Mala-1-768x235.jpg 768w, https:\/\/cadglobal.eu\/wp-content\/uploads\/2024\/04\/autocad_progecad_novost_Mala-1-700x214.jpg 700w, https:\/\/cadglobal.eu\/wp-content\/uploads\/2024\/04\/autocad_progecad_novost_Mala-1-150x46.jpg 150w\" sizes=\"(max-width: 1200px) 100vw, 1200px\" \/>\t\t\t\t\t\t\t\t<\/a>\n\t\t\t\t\t\t\t<\/div>\n\t\t\t\t\t\t\t<div class=\"post-image-mask\">\n\t\t\t\t\t\t\t\t<span><\/span>\n\t\t\t\t\t\t\t<\/div>\n\n\t\t\t\t\t\t\n\t\t\t\t\t<\/figure>\n\t\t\t\t\n\t\t\t\t\t\t\t\t\t\t\t\t<div class=\"post-date wd-post-date wd-style-with-bg\">\n\t\t\t\t<span class=\"post-date-day\">\n\t\t\t\t\t11\t\t\t\t<\/span>\n\t\t\t\t<span class=\"post-date-month\">\n\t\t\t\t\tlis\t\t\t\t<\/span>\n\t\t\t<\/div>\n\t\t\t\t\t\t\n\t\t\t<\/header><!-- .entry-header -->\n\n\t\t<div class=\"article-body-container\">\n\t\t\t\n\t\t\t\t\n\t\t\t\t\t\t\t\t\t<h3 class=\"wd-entities-title title post-title\">\n\t\t\t\t\t\t<a href=\"https:\/\/cadglobal.eu\/hr\/novosti\/11-10-2017-kratkotrajna-autocad-akcija-25\/\" rel=\"bookmark\">Kratkotrajna AutoCAD akcija &#8211; 25%<\/a>\n\t\t\t\t\t<\/h3>\n\t\t\t\t\n\t\t\t\t\t\t\t\n\t\t\t\t\t\t\t\n\t\t\t\t                    <div class=\"entry-content wd-entry-content\">\n\t\t\t\t\t\t<p>Snizili smo cijene AutoCAD i AutoCAD LT pretplata za 1 i 3 godine, sada na kratkotrajnoj akciji -25%! Akcija traje samo do 24. listopada 2017. godine pa po\u017eurite sa narud\u017ebom.<\/p>\n\n\t\t\t\t\t\t\t\t\t\t\t<\/div><!-- .entry-content -->\n\t\t\t\t\n\t\t\t\t\t\t\t\t\t\t\t\t\t\t<p class=\"read-more-section\">\n\t\t\t\t\t\t<a class=\"btn-read-more more-link\" href=\"https:\/\/cadglobal.eu\/hr\/novosti\/11-10-2017-kratkotrajna-autocad-akcija-25\/\">Pro\u010ditaj vi\u0161e<\/a>\t\t\t\t\t<\/p>\n\t\t\t\t\t\t\t\t\t\t\t\n\t\t\t\n\t\t\t\t\t<\/div>\n\t<\/div>\n<\/article><!-- #post -->\n\n\n\t\t\t\t\t\t\t\t\t\t\t\n<article id=\"post-3174\" class=\"wd-post blog-design-masonry blog-post-loop blog-style-bg wd-add-shadow wd-col post-3174 post type-post status-publish format-standard has-post-thumbnail hentry category-novosti\">\n\t<div class=\"article-inner\">\n\t\t\t\t\t<header class=\"entry-header\">\n\t\t\t\t\t\t\t\t\t<figure id=\"carousel-971\" class=\"entry-thumbnail\">\n\t\t\t\t\t\t\n\t\t\t\t\t\t\t<div class=\"post-img-wrapp\">\n\t\t\t\t\t\t\t\t<a href=\"https:\/\/cadglobal.eu\/hr\/novosti\/10-10-2017-autocad-vise-nije-astronomski-skup-no-sto-je-jos-novo\/\">\n\t\t\t\t\t\t\t\t\t<img width=\"1200\" height=\"367\" src=\"https:\/\/cadglobal.eu\/wp-content\/uploads\/2024\/04\/autocad_progecad_novost_Mala.jpg\" class=\"attachment-large size-large\" alt=\"AutoCAD vi\u0161e nije astronomski skup, no \u0161to je jo\u0161 novo ?\" decoding=\"async\" srcset=\"https:\/\/cadglobal.eu\/wp-content\/uploads\/2024\/04\/autocad_progecad_novost_Mala.jpg 1200w, https:\/\/cadglobal.eu\/wp-content\/uploads\/2024\/04\/autocad_progecad_novost_Mala-400x122.jpg 400w, https:\/\/cadglobal.eu\/wp-content\/uploads\/2024\/04\/autocad_progecad_novost_Mala-768x235.jpg 768w, https:\/\/cadglobal.eu\/wp-content\/uploads\/2024\/04\/autocad_progecad_novost_Mala-700x214.jpg 700w, https:\/\/cadglobal.eu\/wp-content\/uploads\/2024\/04\/autocad_progecad_novost_Mala-150x46.jpg 150w\" sizes=\"(max-width: 1200px) 100vw, 1200px\" \/>\t\t\t\t\t\t\t\t<\/a>\n\t\t\t\t\t\t\t<\/div>\n\t\t\t\t\t\t\t<div class=\"post-image-mask\">\n\t\t\t\t\t\t\t\t<span><\/span>\n\t\t\t\t\t\t\t<\/div>\n\n\t\t\t\t\t\t\n\t\t\t\t\t<\/figure>\n\t\t\t\t\n\t\t\t\t\t\t\t\t\t\t\t\t<div class=\"post-date wd-post-date wd-style-with-bg\">\n\t\t\t\t<span class=\"post-date-day\">\n\t\t\t\t\t10\t\t\t\t<\/span>\n\t\t\t\t<span class=\"post-date-month\">\n\t\t\t\t\tlis\t\t\t\t<\/span>\n\t\t\t<\/div>\n\t\t\t\t\t\t\n\t\t\t<\/header><!-- .entry-header -->\n\n\t\t<div class=\"article-body-container\">\n\t\t\t\n\t\t\t\t\n\t\t\t\t\t\t\t\t\t<h3 class=\"wd-entities-title title post-title\">\n\t\t\t\t\t\t<a href=\"https:\/\/cadglobal.eu\/hr\/novosti\/10-10-2017-autocad-vise-nije-astronomski-skup-no-sto-je-jos-novo\/\" rel=\"bookmark\">AutoCAD vi\u0161e nije astronomski skup, no \u0161to je jo\u0161 novo ?<\/a>\n\t\t\t\t\t<\/h3>\n\t\t\t\t\n\t\t\t\t\t\t\t\n\t\t\t\t\t\t\t\n\t\t\t\t                    <div class=\"entry-content wd-entry-content\">\n\t\t\t\t\t\t<p>Kvartalna pretplata te 1, 2 i 3 godine pretplate umjesto trajnih licenci._x000D_<br \/>\n_x000D_<br \/>\nPretplata AutoCAD i AutoCAD LT sada na kratkotrajnoj akciji -25% !!!<\/p>\n\n\t\t\t\t\t\t\t\t\t\t\t<\/div><!-- .entry-content -->\n\t\t\t\t\n\t\t\t\t\t\t\t\t\t\t\t\t\t\t<p class=\"read-more-section\">\n\t\t\t\t\t\t<a class=\"btn-read-more more-link\" href=\"https:\/\/cadglobal.eu\/hr\/novosti\/10-10-2017-autocad-vise-nije-astronomski-skup-no-sto-je-jos-novo\/\">Pro\u010ditaj vi\u0161e<\/a>\t\t\t\t\t<\/p>\n\t\t\t\t\t\t\t\t\t\t\t\n\t\t\t\n\t\t\t\t\t<\/div>\n\t<\/div>\n<\/article><!-- #post -->\n\n\n\t\t\t\t\t\t\t\t\t\t\t\n<article id=\"post-3202\" class=\"wd-post blog-design-masonry blog-post-loop blog-style-bg wd-add-shadow wd-col post-3202 post type-post status-publish format-standard has-post-thumbnail hentry category-novosti\">\n\t<div class=\"article-inner\">\n\t\t\t\t\t<header class=\"entry-header\">\n\t\t\t\t\t\t\t\t\t<figure id=\"carousel-192\" class=\"entry-thumbnail\">\n\t\t\t\t\t\t\n\t\t\t\t\t\t\t<div class=\"post-img-wrapp\">\n\t\t\t\t\t\t\t\t<a href=\"https:\/\/cadglobal.eu\/hr\/novosti\/23-05-2017-izasao-je-novi-progecad-2d-3d-professional-2018\/\">\n\t\t\t\t\t\t\t\t\t<img width=\"250\" height=\"154\" src=\"https:\/\/cadglobal.eu\/wp-content\/uploads\/2024\/04\/progeCAD2018_Mala.png\" class=\"attachment-large size-large\" alt=\"Iza\u0161ao je novi progeCAD 2D\/3D Professional 2018!\" decoding=\"async\" srcset=\"https:\/\/cadglobal.eu\/wp-content\/uploads\/2024\/04\/progeCAD2018_Mala.png 250w, https:\/\/cadglobal.eu\/wp-content\/uploads\/2024\/04\/progeCAD2018_Mala-150x92.png 150w\" sizes=\"(max-width: 250px) 100vw, 250px\" \/>\t\t\t\t\t\t\t\t<\/a>\n\t\t\t\t\t\t\t<\/div>\n\t\t\t\t\t\t\t<div class=\"post-image-mask\">\n\t\t\t\t\t\t\t\t<span><\/span>\n\t\t\t\t\t\t\t<\/div>\n\n\t\t\t\t\t\t\n\t\t\t\t\t<\/figure>\n\t\t\t\t\n\t\t\t\t\t\t\t\t\t\t\t\t<div class=\"post-date wd-post-date wd-style-with-bg\">\n\t\t\t\t<span class=\"post-date-day\">\n\t\t\t\t\t23\t\t\t\t<\/span>\n\t\t\t\t<span class=\"post-date-month\">\n\t\t\t\t\tsvi\t\t\t\t<\/span>\n\t\t\t<\/div>\n\t\t\t\t\t\t\n\t\t\t<\/header><!-- .entry-header -->\n\n\t\t<div class=\"article-body-container\">\n\t\t\t\n\t\t\t\t\n\t\t\t\t\t\t\t\t\t<h3 class=\"wd-entities-title title post-title\">\n\t\t\t\t\t\t<a href=\"https:\/\/cadglobal.eu\/hr\/novosti\/23-05-2017-izasao-je-novi-progecad-2d-3d-professional-2018\/\" rel=\"bookmark\">Iza\u0161ao je novi progeCAD 2D\/3D Professional 2018!<\/a>\n\t\t\t\t\t<\/h3>\n\t\t\t\t\n\t\t\t\t\t\t\t\n\t\t\t\t\t\t\t\n\t\t\t\t                    <div class=\"entry-content wd-entry-content\">\n\t\t\t\t\t\t<p>progeCAD 2D\/3D Professional 2018 je dostupan i u na\u0161oj regiji! Bolja stabilnost, ve\u0107a brzina rada te lako dijeljenje su samo neka od pobolj\u0161anja koja najnovija verzija donosi. Provjerite novu produktivnost i razne mogu\u0107nosti.<\/p>\n\n\t\t\t\t\t\t\t\t\t\t\t<\/div><!-- .entry-content -->\n\t\t\t\t\n\t\t\t\t\t\t\t\t\t\t\t\t\t\t<p class=\"read-more-section\">\n\t\t\t\t\t\t<a class=\"btn-read-more more-link\" href=\"https:\/\/cadglobal.eu\/hr\/novosti\/23-05-2017-izasao-je-novi-progecad-2d-3d-professional-2018\/\">Pro\u010ditaj vi\u0161e<\/a>\t\t\t\t\t<\/p>\n\t\t\t\t\t\t\t\t\t\t\t\n\t\t\t\n\t\t\t\t\t<\/div>\n\t<\/div>\n<\/article><!-- #post -->\n\n\n\t\t\t\t\t\t\t\t\t\t\t\n<article id=\"post-3185\" class=\"wd-post blog-design-masonry blog-post-loop blog-style-bg wd-add-shadow wd-col post-3185 post type-post status-publish format-standard hentry category-3d-cad-cam\">\n\t<div class=\"article-inner\">\n\t\t\t\t\t<header class=\"entry-header\">\n\t\t\t\t\n\t\t\t\t\t\t\t\t\t\t\t\t<div class=\"post-date wd-post-date wd-style-with-bg\">\n\t\t\t\t<span class=\"post-date-day\">\n\t\t\t\t\t02\t\t\t\t<\/span>\n\t\t\t\t<span class=\"post-date-month\">\n\t\t\t\t\ttra\t\t\t\t<\/span>\n\t\t\t<\/div>\n\t\t\t\t\t\t\n\t\t\t<\/header><!-- .entry-header -->\n\n\t\t<div class=\"article-body-container\">\n\t\t\t\n\t\t\t\t\n\t\t\t\t\t\t\t\t\t<h3 class=\"wd-entities-title title post-title\">\n\t\t\t\t\t\t<a href=\"https:\/\/cadglobal.eu\/hr\/3d-cad-cam\/solidworks-ironcad-i-inventor-usporedba-i-cijene\/\" rel=\"bookmark\">Solidworks, IronCAD i Inventor usporedba i cijene<\/a>\n\t\t\t\t\t<\/h3>\n\t\t\t\t\n\t\t\t\t\t\t\t\n\t\t\t\t\t\t\t\n\t\t\t\t                    <div class=\"entry-content wd-entry-content\">\n\t\t\t\t\t\t<p>Koji je najbolji 3D CAD za in\u017eenjere strojarstva? Solidworks, IronCAD i Inventor 2023 usporedba i cijene<\/p>\n\n\t\t\t\t\t\t\t\t\t\t\t<\/div><!-- .entry-content -->\n\t\t\t\t\n\t\t\t\t\t\t\t\t\t\t\t\t\t\t<p class=\"read-more-section\">\n\t\t\t\t\t\t<a class=\"btn-read-more more-link\" href=\"https:\/\/cadglobal.eu\/hr\/3d-cad-cam\/solidworks-ironcad-i-inventor-usporedba-i-cijene\/\">Pro\u010ditaj vi\u0161e<\/a>\t\t\t\t\t<\/p>\n\t\t\t\t\t\t\t\t\t\t\t\n\t\t\t\n\t\t\t\t\t<\/div>\n\t<\/div>\n<\/article><!-- #post -->\n\n\n\t\t\t\t\t\t\t\t\t\t\t\n<article id=\"post-3195\" class=\"wd-post blog-design-masonry blog-post-loop blog-style-bg wd-add-shadow wd-col post-3195 post type-post status-publish format-standard has-post-thumbnail hentry category-novosti\">\n\t<div class=\"article-inner\">\n\t\t\t\t\t<header class=\"entry-header\">\n\t\t\t\t\t\t\t\t\t<figure id=\"carousel-101\" class=\"entry-thumbnail\">\n\t\t\t\t\t\t\n\t\t\t\t\t\t\t<div class=\"post-img-wrapp\">\n\t\t\t\t\t\t\t\t<a href=\"https:\/\/cadglobal.eu\/hr\/novosti\/15-03-2017-progecad-nudi-besplatnu-nadogradnju-na-verziju-2018\/\">\n\t\t\t\t\t\t\t\t\t<img width=\"545\" height=\"252\" src=\"https:\/\/cadglobal.eu\/wp-content\/uploads\/2024\/04\/progeCAD_HR_logo_Mala.jpg\" class=\"attachment-large size-large\" alt=\"progeCAD Hrvatska logo\" decoding=\"async\" srcset=\"https:\/\/cadglobal.eu\/wp-content\/uploads\/2024\/04\/progeCAD_HR_logo_Mala.jpg 545w, https:\/\/cadglobal.eu\/wp-content\/uploads\/2024\/04\/progeCAD_HR_logo_Mala-400x185.jpg 400w, https:\/\/cadglobal.eu\/wp-content\/uploads\/2024\/04\/progeCAD_HR_logo_Mala-150x69.jpg 150w\" sizes=\"(max-width: 545px) 100vw, 545px\" \/>\t\t\t\t\t\t\t\t<\/a>\n\t\t\t\t\t\t\t<\/div>\n\t\t\t\t\t\t\t<div class=\"post-image-mask\">\n\t\t\t\t\t\t\t\t<span><\/span>\n\t\t\t\t\t\t\t<\/div>\n\n\t\t\t\t\t\t\n\t\t\t\t\t<\/figure>\n\t\t\t\t\n\t\t\t\t\t\t\t\t\t\t\t\t<div class=\"post-date wd-post-date wd-style-with-bg\">\n\t\t\t\t<span class=\"post-date-day\">\n\t\t\t\t\t15\t\t\t\t<\/span>\n\t\t\t\t<span class=\"post-date-month\">\n\t\t\t\t\to\u017eu\t\t\t\t<\/span>\n\t\t\t<\/div>\n\t\t\t\t\t\t\n\t\t\t<\/header><!-- .entry-header -->\n\n\t\t<div class=\"article-body-container\">\n\t\t\t\n\t\t\t\t\n\t\t\t\t\t\t\t\t\t<h3 class=\"wd-entities-title title post-title\">\n\t\t\t\t\t\t<a href=\"https:\/\/cadglobal.eu\/hr\/novosti\/15-03-2017-progecad-nudi-besplatnu-nadogradnju-na-verziju-2018\/\" rel=\"bookmark\">progeCAD nudi besplatnu nadogradnju na verziju 2018<\/a>\n\t\t\t\t\t<\/h3>\n\t\t\t\t\n\t\t\t\t\t\t\t\n\t\t\t\t\t\t\t\n\t\t\t\t                    <div class=\"entry-content wd-entry-content\">\n\t\t\t\t\t\t<p>Iskoristite jedinstvenu mogu\u0107nost besplatne nadogradnje na trajnu licencu progeCAD 2018! Promotivna upgrade kampanja po\u010dinje danas, 15.03.2017. i trajat \u0107e do dana izlaska nove verzije softvera 16.05.2017. Svi kupci koji u promotivnom periodu kupe progeCAD ili AutoCAD LT dobiti \u0107e poseban popust te dodatno pravo na besplatnu nadogradnju na trajnu licencu progeCAD 2018.<\/p>\n\n\t\t\t\t\t\t\t\t\t\t\t<\/div><!-- .entry-content -->\n\t\t\t\t\n\t\t\t\t\t\t\t\t\t\t\t\t\t\t<p class=\"read-more-section\">\n\t\t\t\t\t\t<a class=\"btn-read-more more-link\" href=\"https:\/\/cadglobal.eu\/hr\/novosti\/15-03-2017-progecad-nudi-besplatnu-nadogradnju-na-verziju-2018\/\">Pro\u010ditaj vi\u0161e<\/a>\t\t\t\t\t<\/p>\n\t\t\t\t\t\t\t\t\t\t\t\n\t\t\t\n\t\t\t\t\t<\/div>\n\t<\/div>\n<\/article><!-- #post -->\n\n\n\t\t\t\t\t\t\t\t\t\t\t\n<article id=\"post-3164\" class=\"wd-post blog-design-masonry blog-post-loop blog-style-bg wd-add-shadow wd-col post-3164 post type-post status-publish format-standard has-post-thumbnail hentry category-novosti\">\n\t<div class=\"article-inner\">\n\t\t\t\t\t<header class=\"entry-header\">\n\t\t\t\t\t\t\t\t\t<figure id=\"carousel-499\" class=\"entry-thumbnail\">\n\t\t\t\t\t\t\n\t\t\t\t\t\t\t<div class=\"post-img-wrapp\">\n\t\t\t\t\t\t\t\t<a href=\"https:\/\/cadglobal.eu\/hr\/novosti\/06-12-2016-velika-akcija-progecad-2d-3d-professional-2017-svih-oblika-trajnih-licenci\/\">\n\t\t\t\t\t\t\t\t\t<img width=\"1024\" height=\"379\" src=\"https:\/\/cadglobal.eu\/wp-content\/uploads\/2024\/04\/progeBozic_Mala.jpg\" class=\"attachment-large size-large\" alt=\"VELIKA AKCIJA progeCAD 2D\/3D Professional 2017 svih oblika trajnih licenci\" decoding=\"async\" srcset=\"https:\/\/cadglobal.eu\/wp-content\/uploads\/2024\/04\/progeBozic_Mala.jpg 1024w, https:\/\/cadglobal.eu\/wp-content\/uploads\/2024\/04\/progeBozic_Mala-400x148.jpg 400w, https:\/\/cadglobal.eu\/wp-content\/uploads\/2024\/04\/progeBozic_Mala-768x284.jpg 768w, https:\/\/cadglobal.eu\/wp-content\/uploads\/2024\/04\/progeBozic_Mala-700x259.jpg 700w, https:\/\/cadglobal.eu\/wp-content\/uploads\/2024\/04\/progeBozic_Mala-150x56.jpg 150w\" sizes=\"(max-width: 1024px) 100vw, 1024px\" \/>\t\t\t\t\t\t\t\t<\/a>\n\t\t\t\t\t\t\t<\/div>\n\t\t\t\t\t\t\t<div class=\"post-image-mask\">\n\t\t\t\t\t\t\t\t<span><\/span>\n\t\t\t\t\t\t\t<\/div>\n\n\t\t\t\t\t\t\n\t\t\t\t\t<\/figure>\n\t\t\t\t\n\t\t\t\t\t\t\t\t\t\t\t\t<div class=\"post-date wd-post-date wd-style-with-bg\">\n\t\t\t\t<span class=\"post-date-day\">\n\t\t\t\t\t06\t\t\t\t<\/span>\n\t\t\t\t<span class=\"post-date-month\">\n\t\t\t\t\tpro\t\t\t\t<\/span>\n\t\t\t<\/div>\n\t\t\t\t\t\t\n\t\t\t<\/header><!-- .entry-header -->\n\n\t\t<div class=\"article-body-container\">\n\t\t\t\n\t\t\t\t\n\t\t\t\t\t\t\t\t\t<h3 class=\"wd-entities-title title post-title\">\n\t\t\t\t\t\t<a href=\"https:\/\/cadglobal.eu\/hr\/novosti\/06-12-2016-velika-akcija-progecad-2d-3d-professional-2017-svih-oblika-trajnih-licenci\/\" rel=\"bookmark\">VELIKA AKCIJA progeCAD 2D\/3D Professional 2017 svih oblika trajnih licenci<\/a>\n\t\t\t\t\t<\/h3>\n\t\t\t\t\n\t\t\t\t\t\t\t\n\t\t\t\t\t\t\t\n\t\t\t\t                    <div class=\"entry-content wd-entry-content\">\n\t\t\t\t\t\t<p>U prosincu progeCAD Hrvatska daruje popuste na progeCAD licence i kombinacije istih s ostalim softverom neophodnim za poslovanje poduze\u0107a. Za kraj godine opremite svoju tvrtku kvalitetnim rje\u0161enjima po najpovoljnijim cijenama i osigurajte si uspje\u0161nu 2017. godinu!<\/p>\n\n\t\t\t\t\t\t\t\t\t\t\t<\/div><!-- .entry-content -->\n\t\t\t\t\n\t\t\t\t\t\t\t\t\t\t\t\t\t\t<p class=\"read-more-section\">\n\t\t\t\t\t\t<a class=\"btn-read-more more-link\" href=\"https:\/\/cadglobal.eu\/hr\/novosti\/06-12-2016-velika-akcija-progecad-2d-3d-professional-2017-svih-oblika-trajnih-licenci\/\">Pro\u010ditaj vi\u0161e<\/a>\t\t\t\t\t<\/p>\n\t\t\t\t\t\t\t\t\t\t\t\n\t\t\t\n\t\t\t\t\t<\/div>\n\t<\/div>\n<\/article><!-- #post -->\n\n\n\t\t\t\t\t\t\t\t\t\t\t\n<article id=\"post-3213\" class=\"wd-post blog-design-masonry blog-post-loop blog-style-bg wd-add-shadow wd-col post-3213 post type-post status-publish format-standard has-post-thumbnail hentry category-novosti\">\n\t<div class=\"article-inner\">\n\t\t\t\t\t<header class=\"entry-header\">\n\t\t\t\t\t\t\t\t\t<figure id=\"carousel-751\" class=\"entry-thumbnail\">\n\t\t\t\t\t\t\n\t\t\t\t\t\t\t<div class=\"post-img-wrapp\">\n\t\t\t\t\t\t\t\t<a href=\"https:\/\/cadglobal.eu\/hr\/novosti\/24-10-2016-cad-i-microsoft-licence-za-malo-novca-ili-besplatno\/\">\n\t\t\t\t\t\t\t\t\t<img width=\"470\" height=\"470\" src=\"https:\/\/cadglobal.eu\/wp-content\/uploads\/2024\/04\/progeCAD-NL1_Mala.jpg\" class=\"attachment-large size-large\" alt=\"CAD i Microsoft licence za malo novca ili besplatno\" decoding=\"async\" srcset=\"https:\/\/cadglobal.eu\/wp-content\/uploads\/2024\/04\/progeCAD-NL1_Mala.jpg 470w, https:\/\/cadglobal.eu\/wp-content\/uploads\/2024\/04\/progeCAD-NL1_Mala-300x300.jpg 300w, https:\/\/cadglobal.eu\/wp-content\/uploads\/2024\/04\/progeCAD-NL1_Mala-150x150.jpg 150w\" sizes=\"(max-width: 470px) 100vw, 470px\" \/>\t\t\t\t\t\t\t\t<\/a>\n\t\t\t\t\t\t\t<\/div>\n\t\t\t\t\t\t\t<div class=\"post-image-mask\">\n\t\t\t\t\t\t\t\t<span><\/span>\n\t\t\t\t\t\t\t<\/div>\n\n\t\t\t\t\t\t\n\t\t\t\t\t<\/figure>\n\t\t\t\t\n\t\t\t\t\t\t\t\t\t\t\t\t<div class=\"post-date wd-post-date wd-style-with-bg\">\n\t\t\t\t<span class=\"post-date-day\">\n\t\t\t\t\t24\t\t\t\t<\/span>\n\t\t\t\t<span class=\"post-date-month\">\n\t\t\t\t\tlis\t\t\t\t<\/span>\n\t\t\t<\/div>\n\t\t\t\t\t\t\n\t\t\t<\/header><!-- .entry-header -->\n\n\t\t<div class=\"article-body-container\">\n\t\t\t\n\t\t\t\t\n\t\t\t\t\t\t\t\t\t<h3 class=\"wd-entities-title title post-title\">\n\t\t\t\t\t\t<a href=\"https:\/\/cadglobal.eu\/hr\/novosti\/24-10-2016-cad-i-microsoft-licence-za-malo-novca-ili-besplatno\/\" rel=\"bookmark\">CAD i Microsoft licence za malo novca ili besplatno<\/a>\n\t\t\t\t\t<\/h3>\n\t\t\t\t\n\t\t\t\t\t\t\t\n\t\t\t\t\t\t\t\n\t\t\t\t                    <div class=\"entry-content wd-entry-content\">\n\t\t\t\t\t\t<p>Saznajte kako se legalno opremiti za najmanje novca ili besplatno! U dana\u0161njim novostima donosimo Vam neke od aktualnih natje\u010daja, koji omogu\u0107uju financiranje licenci samostalno ili u sklopu dodatnih unapre\u0111enja._x000D_<\/p>\n\n\t\t\t\t\t\t\t\t\t\t\t<\/div><!-- .entry-content -->\n\t\t\t\t\n\t\t\t\t\t\t\t\t\t\t\t\t\t\t<p class=\"read-more-section\">\n\t\t\t\t\t\t<a class=\"btn-read-more more-link\" href=\"https:\/\/cadglobal.eu\/hr\/novosti\/24-10-2016-cad-i-microsoft-licence-za-malo-novca-ili-besplatno\/\">Pro\u010ditaj vi\u0161e<\/a>\t\t\t\t\t<\/p>\n\t\t\t\t\t\t\t\t\t\t\t\n\t\t\t\n\t\t\t\t\t<\/div>\n\t<\/div>\n<\/article><!-- #post -->\n\n\n\t\t\t\t\t\t\t\t\t\t\t\n<article id=\"post-3149\" class=\"wd-post blog-design-masonry blog-post-loop blog-style-bg wd-add-shadow wd-col post-3149 post type-post status-publish format-standard has-post-thumbnail hentry category-novosti\">\n\t<div class=\"article-inner\">\n\t\t\t\t\t<header class=\"entry-header\">\n\t\t\t\t\t\t\t\t\t<figure id=\"carousel-679\" class=\"entry-thumbnail\">\n\t\t\t\t\t\t\n\t\t\t\t\t\t\t<div class=\"post-img-wrapp\">\n\t\t\t\t\t\t\t\t<a href=\"https:\/\/cadglobal.eu\/hr\/novosti\/buducnost-je-pocela-progecad-2d-3d-professional-2017\/\">\n\t\t\t\t\t\t\t\t\t<img width=\"439\" height=\"386\" src=\"https:\/\/cadglobal.eu\/wp-content\/uploads\/2024\/04\/progeCAD_2017_icon_small_Mala.jpg\" class=\"attachment-large size-large\" alt=\"Budu\u0107nost je po\u010dela - progeCAD 2D\/3D Professional 2017\" decoding=\"async\" srcset=\"https:\/\/cadglobal.eu\/wp-content\/uploads\/2024\/04\/progeCAD_2017_icon_small_Mala.jpg 439w, https:\/\/cadglobal.eu\/wp-content\/uploads\/2024\/04\/progeCAD_2017_icon_small_Mala-341x300.jpg 341w, https:\/\/cadglobal.eu\/wp-content\/uploads\/2024\/04\/progeCAD_2017_icon_small_Mala-150x132.jpg 150w\" sizes=\"(max-width: 439px) 100vw, 439px\" \/>\t\t\t\t\t\t\t\t<\/a>\n\t\t\t\t\t\t\t<\/div>\n\t\t\t\t\t\t\t<div class=\"post-image-mask\">\n\t\t\t\t\t\t\t\t<span><\/span>\n\t\t\t\t\t\t\t<\/div>\n\n\t\t\t\t\t\t\n\t\t\t\t\t<\/figure>\n\t\t\t\t\n\t\t\t\t\t\t\t\t\t\t\t\t<div class=\"post-date wd-post-date wd-style-with-bg\">\n\t\t\t\t<span class=\"post-date-day\">\n\t\t\t\t\t04\t\t\t\t<\/span>\n\t\t\t\t<span class=\"post-date-month\">\n\t\t\t\t\tsvi\t\t\t\t<\/span>\n\t\t\t<\/div>\n\t\t\t\t\t\t\n\t\t\t<\/header><!-- .entry-header -->\n\n\t\t<div class=\"article-body-container\">\n\t\t\t\n\t\t\t\t\n\t\t\t\t\t\t\t\t\t<h3 class=\"wd-entities-title title post-title\">\n\t\t\t\t\t\t<a href=\"https:\/\/cadglobal.eu\/hr\/novosti\/buducnost-je-pocela-progecad-2d-3d-professional-2017\/\" rel=\"bookmark\">Budu\u0107nost je po\u010dela &#8211; progeCAD 2D\/3D Professional 2017<\/a>\n\t\t\t\t\t<\/h3>\n\t\t\t\t\n\t\t\t\t\t\t\t\n\t\t\t\t\t\t\t\n\t\t\t\t                    <div class=\"entry-content wd-entry-content\">\n\t\t\t\t\t\t<p>Budu\u0107nost je po\u010dela !_x000D_<br \/>\n_x000D_<br \/>\nZa najni\u017eu cijenu na cijelom tr\u017ei\u0161tu, progeCAD donosi naj\u0161ire mogu\u0107nosti. Nema potrebe za prilagodbom s AutoCAD-a.<\/p>\n\n\t\t\t\t\t\t\t\t\t\t\t<\/div><!-- .entry-content -->\n\t\t\t\t\n\t\t\t\t\t\t\t\t\t\t\t\t\t\t<p class=\"read-more-section\">\n\t\t\t\t\t\t<a class=\"btn-read-more more-link\" href=\"https:\/\/cadglobal.eu\/hr\/novosti\/buducnost-je-pocela-progecad-2d-3d-professional-2017\/\">Pro\u010ditaj vi\u0161e<\/a>\t\t\t\t\t<\/p>\n\t\t\t\t\t\t\t\t\t\t\t\n\t\t\t\n\t\t\t\t\t<\/div>\n\t<\/div>\n<\/article><!-- #post -->\n\n\n\t\t\t\t\t\t\t\t\t\t\t\n<article id=\"post-3208\" class=\"wd-post blog-design-masonry blog-post-loop blog-style-bg wd-add-shadow wd-col post-3208 post type-post status-publish format-standard has-post-thumbnail hentry category-novosti\">\n\t<div class=\"article-inner\">\n\t\t\t\t\t<header class=\"entry-header\">\n\t\t\t\t\t\t\t\t\t<figure id=\"carousel-874\" class=\"entry-thumbnail\">\n\t\t\t\t\t\t\n\t\t\t\t\t\t\t<div class=\"post-img-wrapp\">\n\t\t\t\t\t\t\t\t<a href=\"https:\/\/cadglobal.eu\/hr\/novosti\/11-02-2016-nadogradite-vase-licence-po-akcijskim-cijenama\/\">\n\t\t\t\t\t\t\t\t\t<img width=\"443\" height=\"390\" src=\"https:\/\/cadglobal.eu\/wp-content\/uploads\/2024\/04\/progeCAD_NL5_Mala.jpg\" class=\"attachment-large size-large\" alt=\"Nadogradite Va\u0161e licence po AKCIJSKIM CIJENAMA\" decoding=\"async\" srcset=\"https:\/\/cadglobal.eu\/wp-content\/uploads\/2024\/04\/progeCAD_NL5_Mala.jpg 443w, https:\/\/cadglobal.eu\/wp-content\/uploads\/2024\/04\/progeCAD_NL5_Mala-341x300.jpg 341w, https:\/\/cadglobal.eu\/wp-content\/uploads\/2024\/04\/progeCAD_NL5_Mala-150x132.jpg 150w\" sizes=\"(max-width: 443px) 100vw, 443px\" \/>\t\t\t\t\t\t\t\t<\/a>\n\t\t\t\t\t\t\t<\/div>\n\t\t\t\t\t\t\t<div class=\"post-image-mask\">\n\t\t\t\t\t\t\t\t<span><\/span>\n\t\t\t\t\t\t\t<\/div>\n\n\t\t\t\t\t\t\n\t\t\t\t\t<\/figure>\n\t\t\t\t\n\t\t\t\t\t\t\t\t\t\t\t\t<div class=\"post-date wd-post-date wd-style-with-bg\">\n\t\t\t\t<span class=\"post-date-day\">\n\t\t\t\t\t11\t\t\t\t<\/span>\n\t\t\t\t<span class=\"post-date-month\">\n\t\t\t\t\tvelj\t\t\t\t<\/span>\n\t\t\t<\/div>\n\t\t\t\t\t\t\n\t\t\t<\/header><!-- .entry-header -->\n\n\t\t<div class=\"article-body-container\">\n\t\t\t\n\t\t\t\t\n\t\t\t\t\t\t\t\t\t<h3 class=\"wd-entities-title title post-title\">\n\t\t\t\t\t\t<a href=\"https:\/\/cadglobal.eu\/hr\/novosti\/11-02-2016-nadogradite-vase-licence-po-akcijskim-cijenama\/\" rel=\"bookmark\">Nadogradite Va\u0161e licence po AKCIJSKIM CIJENAMA<\/a>\n\t\t\t\t\t<\/h3>\n\t\t\t\t\n\t\t\t\t\t\t\t\n\t\t\t\t\t\t\t\n\t\t\t\t                    <div class=\"entry-content wd-entry-content\">\n\t\t\t\t\t\t<p>Budite u toku s vremenom, sada po jo\u0161 povoljnijim uvjetima !_x000D_<br \/>\nprogeCAD 2016 je kompatibilan s Windows 10 i sa svim postoje\u0107im DWG verzijama !<\/p>\n\n\t\t\t\t\t\t\t\t\t\t\t<\/div><!-- .entry-content -->\n\t\t\t\t\n\t\t\t\t\t\t\t\t\t\t\t\t\t\t<p class=\"read-more-section\">\n\t\t\t\t\t\t<a class=\"btn-read-more more-link\" href=\"https:\/\/cadglobal.eu\/hr\/novosti\/11-02-2016-nadogradite-vase-licence-po-akcijskim-cijenama\/\">Pro\u010ditaj vi\u0161e<\/a>\t\t\t\t\t<\/p>\n\t\t\t\t\t\t\t\t\t\t\t\n\t\t\t\n\t\t\t\t\t<\/div>\n\t<\/div>\n<\/article><!-- #post -->\n\n\n\t\t\t\t\t\t\t\t\t\t\t\n<article id=\"post-3157\" class=\"wd-post blog-design-masonry blog-post-loop blog-style-bg wd-add-shadow wd-col post-3157 post type-post status-publish format-standard has-post-thumbnail hentry category-novosti\">\n\t<div class=\"article-inner\">\n\t\t\t\t\t<header class=\"entry-header\">\n\t\t\t\t\t\t\t\t\t<figure id=\"carousel-459\" class=\"entry-thumbnail\">\n\t\t\t\t\t\t\n\t\t\t\t\t\t\t<div class=\"post-img-wrapp\">\n\t\t\t\t\t\t\t\t<a href=\"https:\/\/cadglobal.eu\/hr\/novosti\/u-tijeku-je-velika-akcija-autocad-progecad-microsoft-i-ostalo-iz-ponude-po-nevjerojatno-niskim-cijenama\/\">\n\t\t\t\t\t\t\t\t\t<img width=\"443\" height=\"275\" src=\"https:\/\/cadglobal.eu\/wp-content\/uploads\/2024\/04\/progeCHRISTMASvijest_Mala.jpg\" class=\"attachment-large size-large\" alt=\"\" decoding=\"async\" srcset=\"https:\/\/cadglobal.eu\/wp-content\/uploads\/2024\/04\/progeCHRISTMASvijest_Mala.jpg 443w, https:\/\/cadglobal.eu\/wp-content\/uploads\/2024\/04\/progeCHRISTMASvijest_Mala-400x248.jpg 400w, https:\/\/cadglobal.eu\/wp-content\/uploads\/2024\/04\/progeCHRISTMASvijest_Mala-150x93.jpg 150w\" sizes=\"(max-width: 443px) 100vw, 443px\" \/>\t\t\t\t\t\t\t\t<\/a>\n\t\t\t\t\t\t\t<\/div>\n\t\t\t\t\t\t\t<div class=\"post-image-mask\">\n\t\t\t\t\t\t\t\t<span><\/span>\n\t\t\t\t\t\t\t<\/div>\n\n\t\t\t\t\t\t\n\t\t\t\t\t<\/figure>\n\t\t\t\t\n\t\t\t\t\t\t\t\t\t\t\t\t<div class=\"post-date wd-post-date wd-style-with-bg\">\n\t\t\t\t<span class=\"post-date-day\">\n\t\t\t\t\t02\t\t\t\t<\/span>\n\t\t\t\t<span class=\"post-date-month\">\n\t\t\t\t\tpro\t\t\t\t<\/span>\n\t\t\t<\/div>\n\t\t\t\t\t\t\n\t\t\t<\/header><!-- .entry-header -->\n\n\t\t<div class=\"article-body-container\">\n\t\t\t\n\t\t\t\t\n\t\t\t\t\t\t\t\t\t<h3 class=\"wd-entities-title title post-title\">\n\t\t\t\t\t\t<a href=\"https:\/\/cadglobal.eu\/hr\/novosti\/u-tijeku-je-velika-akcija-autocad-progecad-microsoft-i-ostalo-iz-ponude-po-nevjerojatno-niskim-cijenama\/\" rel=\"bookmark\">U tijeku je VELIKA AKCIJA ! AutoCAD, progeCAD, Microsoft i ostalo iz ponude po nevjerojatno niskim cijenama.<\/a>\n\t\t\t\t\t<\/h3>\n\t\t\t\t\n\t\t\t\t\t\t\t\n\t\t\t\t\t\t\t\n\t\t\t\t                    <div class=\"entry-content wd-entry-content\">\n\t\t\t\t\t\t<p>Najpovoljnija ponuda profesionalnih rje\u0161enja sada je jo\u0161 jeftinija!_x000D_<br \/>\nZbog niskih cijena, kompletan iznos nabavke se mo\u017ee jednokratno otpisati, \u010dime se smanjuje godi\u0161nja dobit._x000D_<br \/>\nOdmah besplatno preuzmite progeCAD 2D\/3D Professional 2016, uvjerite se za\u0161to je to najisplativije rje\u0161enje.<\/p>\n\n\t\t\t\t\t\t\t\t\t\t\t<\/div><!-- .entry-content -->\n\t\t\t\t\n\t\t\t\t\t\t\t\t\t\t\t\t\t\t<p class=\"read-more-section\">\n\t\t\t\t\t\t<a class=\"btn-read-more more-link\" href=\"https:\/\/cadglobal.eu\/hr\/novosti\/u-tijeku-je-velika-akcija-autocad-progecad-microsoft-i-ostalo-iz-ponude-po-nevjerojatno-niskim-cijenama\/\">Pro\u010ditaj vi\u0161e<\/a>\t\t\t\t\t<\/p>\n\t\t\t\t\t\t\t\t\t\t\t\n\t\t\t\n\t\t\t\t\t<\/div>\n\t<\/div>\n<\/article><!-- #post -->\n\n\n\t\t\t\t\t\n\t\t\t\t\t","status":"have-posts","nextPage":"https:\/\/cadglobal.eu\/hr\/blog\/page\/6\/?woo_ajax=1","currentPage":"https:\/\/cadglobal.eu\/hr\/blog\/page\/5"}