
			
				

					
				

			
		{"items":"\n\t\t\t\t\t\t\t\t\t\t\t\n<article id=\"post-3193\" class=\"wd-post blog-design-masonry blog-post-loop blog-style-bg wd-add-shadow wd-col post-3193 post type-post status-publish format-standard has-post-thumbnail hentry category-novosti\">\n\t<div class=\"article-inner\">\n\t\t\t\t\t<header class=\"entry-header\">\n\t\t\t\t\t\t\t\t\t<figure id=\"carousel-940\" class=\"entry-thumbnail\">\n\t\t\t\t\t\t\n\t\t\t\t\t\t\t<div class=\"post-img-wrapp\">\n\t\t\t\t\t\t\t\t<a href=\"https:\/\/cadglobal.eu\/hr\/novosti\/riteh-predavanja-na-start-up-akademiji\/\">\n\t\t\t\t\t\t\t\t\t<img width=\"842\" height=\"632\" src=\"https:\/\/cadglobal.eu\/wp-content\/uploads\/2024\/04\/start-up-riteh_Mala.jpg\" class=\"attachment-large size-large\" alt=\"\" decoding=\"async\" srcset=\"https:\/\/cadglobal.eu\/wp-content\/uploads\/2024\/04\/start-up-riteh_Mala.jpg 842w, https:\/\/cadglobal.eu\/wp-content\/uploads\/2024\/04\/start-up-riteh_Mala-400x300.jpg 400w, https:\/\/cadglobal.eu\/wp-content\/uploads\/2024\/04\/start-up-riteh_Mala-768x576.jpg 768w, https:\/\/cadglobal.eu\/wp-content\/uploads\/2024\/04\/start-up-riteh_Mala-700x525.jpg 700w, https:\/\/cadglobal.eu\/wp-content\/uploads\/2024\/04\/start-up-riteh_Mala-150x113.jpg 150w\" sizes=\"(max-width: 842px) 100vw, 842px\" \/>\t\t\t\t\t\t\t\t<\/a>\n\t\t\t\t\t\t\t<\/div>\n\t\t\t\t\t\t\t<div class=\"post-image-mask\">\n\t\t\t\t\t\t\t\t<span><\/span>\n\t\t\t\t\t\t\t<\/div>\n\n\t\t\t\t\t\t\n\t\t\t\t\t<\/figure>\n\t\t\t\t\n\t\t\t\t\t\t\t\t\t\t\t\t<div class=\"post-date wd-post-date wd-style-with-bg\">\n\t\t\t\t<span class=\"post-date-day\">\n\t\t\t\t\t14\t\t\t\t<\/span>\n\t\t\t\t<span class=\"post-date-month\">\n\t\t\t\t\tlis\t\t\t\t<\/span>\n\t\t\t<\/div>\n\t\t\t\t\t\t\n\t\t\t<\/header><!-- .entry-header -->\n\n\t\t<div class=\"article-body-container\">\n\t\t\t\n\t\t\t\t\n\t\t\t\t\t\t\t\t\t<h3 class=\"wd-entities-title title post-title\">\n\t\t\t\t\t\t<a href=\"https:\/\/cadglobal.eu\/hr\/novosti\/riteh-predavanja-na-start-up-akademiji\/\" rel=\"bookmark\">RITEH predavanja na Start-up akademiji<\/a>\n\t\t\t\t\t<\/h3>\n\t\t\t\t\n\t\t\t\t\t\t\t\n\t\t\t\t\t\t\t\n\t\t\t\t                    <div class=\"entry-content wd-entry-content\">\n\t\t\t\t\t\t<p>14.10.2015. RITEH u suradnji s Razvojnom agencijom Zagreb TPZ i Hamag-Bicro sudjeluje u edukaciji poduzetnika po\u010detnika.<\/p>\n\n\t\t\t\t\t\t\t\t\t\t\t<\/div><!-- .entry-content -->\n\t\t\t\t\n\t\t\t\t\t\t\t\t\t\t\t\t\t\t<p class=\"read-more-section\">\n\t\t\t\t\t\t<a class=\"btn-read-more more-link\" href=\"https:\/\/cadglobal.eu\/hr\/novosti\/riteh-predavanja-na-start-up-akademiji\/\">Pro\u010ditaj vi\u0161e<\/a>\t\t\t\t\t<\/p>\n\t\t\t\t\t\t\t\t\t\t\t\n\t\t\t\n\t\t\t\t\t<\/div>\n\t<\/div>\n<\/article><!-- #post -->\n\n\n\t\t\t\t\t\t\t\t\t\t\t\n<article id=\"post-3184\" class=\"wd-post blog-design-masonry blog-post-loop blog-style-bg wd-add-shadow wd-col post-3184 post type-post status-publish format-standard has-post-thumbnail hentry category-novosti\">\n\t<div class=\"article-inner\">\n\t\t\t\t\t<header class=\"entry-header\">\n\t\t\t\t\t\t\t\t\t<figure id=\"carousel-788\" class=\"entry-thumbnail\">\n\t\t\t\t\t\t\n\t\t\t\t\t\t\t<div class=\"post-img-wrapp\">\n\t\t\t\t\t\t\t\t<a href=\"https:\/\/cadglobal.eu\/hr\/novosti\/21-09-2015-iskoristite-bespovratne-subvencije-i-nabavite-cad-i-microsoft-licence-za-0-kuna\/\">\n\t\t\t\t\t\t\t\t\t<img width=\"842\" height=\"585\" src=\"https:\/\/cadglobal.eu\/wp-content\/uploads\/2024\/04\/Clipboard01_Mala.jpg\" class=\"attachment-large size-large\" alt=\"Iskoristite bespovratne subvencije i nabavite CAD i Microsoft licence za 0 kuna!\" decoding=\"async\" srcset=\"https:\/\/cadglobal.eu\/wp-content\/uploads\/2024\/04\/Clipboard01_Mala.jpg 842w, https:\/\/cadglobal.eu\/wp-content\/uploads\/2024\/04\/Clipboard01_Mala-400x278.jpg 400w, https:\/\/cadglobal.eu\/wp-content\/uploads\/2024\/04\/Clipboard01_Mala-768x534.jpg 768w, https:\/\/cadglobal.eu\/wp-content\/uploads\/2024\/04\/Clipboard01_Mala-700x486.jpg 700w, https:\/\/cadglobal.eu\/wp-content\/uploads\/2024\/04\/Clipboard01_Mala-150x104.jpg 150w\" sizes=\"(max-width: 842px) 100vw, 842px\" \/>\t\t\t\t\t\t\t\t<\/a>\n\t\t\t\t\t\t\t<\/div>\n\t\t\t\t\t\t\t<div class=\"post-image-mask\">\n\t\t\t\t\t\t\t\t<span><\/span>\n\t\t\t\t\t\t\t<\/div>\n\n\t\t\t\t\t\t\n\t\t\t\t\t<\/figure>\n\t\t\t\t\n\t\t\t\t\t\t\t\t\t\t\t\t<div class=\"post-date wd-post-date wd-style-with-bg\">\n\t\t\t\t<span class=\"post-date-day\">\n\t\t\t\t\t21\t\t\t\t<\/span>\n\t\t\t\t<span class=\"post-date-month\">\n\t\t\t\t\truj\t\t\t\t<\/span>\n\t\t\t<\/div>\n\t\t\t\t\t\t\n\t\t\t<\/header><!-- .entry-header -->\n\n\t\t<div class=\"article-body-container\">\n\t\t\t\n\t\t\t\t\n\t\t\t\t\t\t\t\t\t<h3 class=\"wd-entities-title title post-title\">\n\t\t\t\t\t\t<a href=\"https:\/\/cadglobal.eu\/hr\/novosti\/21-09-2015-iskoristite-bespovratne-subvencije-i-nabavite-cad-i-microsoft-licence-za-0-kuna\/\" rel=\"bookmark\">Iskoristite bespovratne subvencije i nabavite CAD i Microsoft licence za 0 kuna!<\/a>\n\t\t\t\t\t<\/h3>\n\t\t\t\t\n\t\t\t\t\t\t\t\n\t\t\t\t\t\t\t\n\t\t\t\t                    <div class=\"entry-content wd-entry-content\">\n\t\t\t\t\t\t<p>21.09.2015. Iskoristite bespovratne subvencije i nabavite CAD i Microsoft licence za 0 kuna!<\/p>\n\n\t\t\t\t\t\t\t\t\t\t\t<\/div><!-- .entry-content -->\n\t\t\t\t\n\t\t\t\t\t\t\t\t\t\t\t\t\t\t<p class=\"read-more-section\">\n\t\t\t\t\t\t<a class=\"btn-read-more more-link\" href=\"https:\/\/cadglobal.eu\/hr\/novosti\/21-09-2015-iskoristite-bespovratne-subvencije-i-nabavite-cad-i-microsoft-licence-za-0-kuna\/\">Pro\u010ditaj vi\u0161e<\/a>\t\t\t\t\t<\/p>\n\t\t\t\t\t\t\t\t\t\t\t\n\t\t\t\n\t\t\t\t\t<\/div>\n\t<\/div>\n<\/article><!-- #post -->\n\n\n\t\t\t\t\t\t\t\t\t\t\t\n<article id=\"post-3163\" class=\"wd-post blog-design-masonry blog-post-loop blog-style-bg wd-add-shadow wd-col post-3163 post type-post status-publish format-standard has-post-thumbnail hentry category-novosti\">\n\t<div class=\"article-inner\">\n\t\t\t\t\t<header class=\"entry-header\">\n\t\t\t\t\t\t\t\t\t<figure id=\"carousel-873\" class=\"entry-thumbnail\">\n\t\t\t\t\t\t\n\t\t\t\t\t\t\t<div class=\"post-img-wrapp\">\n\t\t\t\t\t\t\t\t<a href=\"https:\/\/cadglobal.eu\/hr\/novosti\/18-03-2015-riteh-savjetuje-iskoristite-nepovratna-sredstva\/\">\n\t\t\t\t\t\t\t\t\t<img width=\"500\" height=\"310\" src=\"https:\/\/cadglobal.eu\/wp-content\/uploads\/2024\/04\/RITEHsubvencije_Mala.jpg\" class=\"attachment-large size-large\" alt=\"RITEH savjetuje - iskoristite nepovratna sredstva\" decoding=\"async\" srcset=\"https:\/\/cadglobal.eu\/wp-content\/uploads\/2024\/04\/RITEHsubvencije_Mala.jpg 500w, https:\/\/cadglobal.eu\/wp-content\/uploads\/2024\/04\/RITEHsubvencije_Mala-400x248.jpg 400w, https:\/\/cadglobal.eu\/wp-content\/uploads\/2024\/04\/RITEHsubvencije_Mala-150x93.jpg 150w\" sizes=\"(max-width: 500px) 100vw, 500px\" \/>\t\t\t\t\t\t\t\t<\/a>\n\t\t\t\t\t\t\t<\/div>\n\t\t\t\t\t\t\t<div class=\"post-image-mask\">\n\t\t\t\t\t\t\t\t<span><\/span>\n\t\t\t\t\t\t\t<\/div>\n\n\t\t\t\t\t\t\n\t\t\t\t\t<\/figure>\n\t\t\t\t\n\t\t\t\t\t\t\t\t\t\t\t\t<div class=\"post-date wd-post-date wd-style-with-bg\">\n\t\t\t\t<span class=\"post-date-day\">\n\t\t\t\t\t18\t\t\t\t<\/span>\n\t\t\t\t<span class=\"post-date-month\">\n\t\t\t\t\to\u017eu\t\t\t\t<\/span>\n\t\t\t<\/div>\n\t\t\t\t\t\t\n\t\t\t<\/header><!-- .entry-header -->\n\n\t\t<div class=\"article-body-container\">\n\t\t\t\n\t\t\t\t\n\t\t\t\t\t\t\t\t\t<h3 class=\"wd-entities-title title post-title\">\n\t\t\t\t\t\t<a href=\"https:\/\/cadglobal.eu\/hr\/novosti\/18-03-2015-riteh-savjetuje-iskoristite-nepovratna-sredstva\/\" rel=\"bookmark\">RITEH savjetuje &#8211; iskoristite nepovratna sredstva<\/a>\n\t\t\t\t\t<\/h3>\n\t\t\t\t\n\t\t\t\t\t\t\t\n\t\t\t\t\t\t\t\n\t\t\t\t                    <div class=\"entry-content wd-entry-content\">\n\t\t\t\t\t\t<p>18.03.2015. Javite nam se te iskoristite bespovratna sredstva za nabavku softvera!<\/p>\n\n\t\t\t\t\t\t\t\t\t\t\t<\/div><!-- .entry-content -->\n\t\t\t\t\n\t\t\t\t\t\t\t\t\t\t\t\t\t\t<p class=\"read-more-section\">\n\t\t\t\t\t\t<a class=\"btn-read-more more-link\" href=\"https:\/\/cadglobal.eu\/hr\/novosti\/18-03-2015-riteh-savjetuje-iskoristite-nepovratna-sredstva\/\">Pro\u010ditaj vi\u0161e<\/a>\t\t\t\t\t<\/p>\n\t\t\t\t\t\t\t\t\t\t\t\n\t\t\t\n\t\t\t\t\t<\/div>\n\t<\/div>\n<\/article><!-- #post -->\n\n\n\t\t\t\t\t\t\t\t\t\t\t\n<article id=\"post-3141\" class=\"wd-post blog-design-masonry blog-post-loop blog-style-bg wd-add-shadow wd-col post-3141 post type-post status-publish format-standard has-post-thumbnail hentry category-novosti\">\n\t<div class=\"article-inner\">\n\t\t\t\t\t<header class=\"entry-header\">\n\t\t\t\t\t\t\t\t\t<figure id=\"carousel-763\" class=\"entry-thumbnail\">\n\t\t\t\t\t\t\n\t\t\t\t\t\t\t<div class=\"post-img-wrapp\">\n\t\t\t\t\t\t\t\t<a href=\"https:\/\/cadglobal.eu\/hr\/novosti\/novi-progecad-2016-pusten-u-prodaju\/\">\n\t\t\t\t\t\t\t\t\t<img width=\"500\" height=\"310\" src=\"https:\/\/cadglobal.eu\/wp-content\/uploads\/2024\/04\/progecad_2016_rite_novost_Mala.png\" class=\"attachment-large size-large\" alt=\"Novi progeCAD 2016 pu\u0161ten u prodaju!\" decoding=\"async\" srcset=\"https:\/\/cadglobal.eu\/wp-content\/uploads\/2024\/04\/progecad_2016_rite_novost_Mala.png 500w, https:\/\/cadglobal.eu\/wp-content\/uploads\/2024\/04\/progecad_2016_rite_novost_Mala-400x248.png 400w, https:\/\/cadglobal.eu\/wp-content\/uploads\/2024\/04\/progecad_2016_rite_novost_Mala-150x93.png 150w\" sizes=\"(max-width: 500px) 100vw, 500px\" \/>\t\t\t\t\t\t\t\t<\/a>\n\t\t\t\t\t\t\t<\/div>\n\t\t\t\t\t\t\t<div class=\"post-image-mask\">\n\t\t\t\t\t\t\t\t<span><\/span>\n\t\t\t\t\t\t\t<\/div>\n\n\t\t\t\t\t\t\n\t\t\t\t\t<\/figure>\n\t\t\t\t\n\t\t\t\t\t\t\t\t\t\t\t\t<div class=\"post-date wd-post-date wd-style-with-bg\">\n\t\t\t\t<span class=\"post-date-day\">\n\t\t\t\t\t02\t\t\t\t<\/span>\n\t\t\t\t<span class=\"post-date-month\">\n\t\t\t\t\to\u017eu\t\t\t\t<\/span>\n\t\t\t<\/div>\n\t\t\t\t\t\t\n\t\t\t<\/header><!-- .entry-header -->\n\n\t\t<div class=\"article-body-container\">\n\t\t\t\n\t\t\t\t\n\t\t\t\t\t\t\t\t\t<h3 class=\"wd-entities-title title post-title\">\n\t\t\t\t\t\t<a href=\"https:\/\/cadglobal.eu\/hr\/novosti\/novi-progecad-2016-pusten-u-prodaju\/\" rel=\"bookmark\">Novi progeCAD 2016 pu\u0161ten u prodaju!<\/a>\n\t\t\t\t\t<\/h3>\n\t\t\t\t\n\t\t\t\t\t\t\t\n\t\t\t\t\t\t\t\n\t\t\t\t                    <div class=\"entry-content wd-entry-content\">\n\t\t\t\t\t\t<p>02.03.2015. Novi progeCAD 2D\/3D Professional 2016 je pu\u0161ten u prodaju! Jo\u0161 br\u017ei, stabilniji i jednostavniji rad.<\/p>\n\n\t\t\t\t\t\t\t\t\t\t\t<\/div><!-- .entry-content -->\n\t\t\t\t\n\t\t\t\t\t\t\t\t\t\t\t\t\t\t<p class=\"read-more-section\">\n\t\t\t\t\t\t<a class=\"btn-read-more more-link\" href=\"https:\/\/cadglobal.eu\/hr\/novosti\/novi-progecad-2016-pusten-u-prodaju\/\">Pro\u010ditaj vi\u0161e<\/a>\t\t\t\t\t<\/p>\n\t\t\t\t\t\t\t\t\t\t\t\n\t\t\t\n\t\t\t\t\t<\/div>\n\t<\/div>\n<\/article><!-- #post -->\n\n\n\t\t\t\t\t\t\t\t\t\t\t\n<article id=\"post-3158\" class=\"wd-post blog-design-masonry blog-post-loop blog-style-bg wd-add-shadow wd-col post-3158 post type-post status-publish format-standard has-post-thumbnail hentry category-novosti\">\n\t<div class=\"article-inner\">\n\t\t\t\t\t<header class=\"entry-header\">\n\t\t\t\t\t\t\t\t\t<figure id=\"carousel-140\" class=\"entry-thumbnail\">\n\t\t\t\t\t\t\n\t\t\t\t\t\t\t<div class=\"post-img-wrapp\">\n\t\t\t\t\t\t\t\t<a href=\"https:\/\/cadglobal.eu\/hr\/novosti\/popust-na-progecad-do-kraja-godine\/\">\n\t\t\t\t\t\t\t\t\t<img width=\"475\" height=\"295\" src=\"https:\/\/cadglobal.eu\/wp-content\/uploads\/2024\/04\/progecad_popust_Mala.jpg\" class=\"attachment-large size-large\" alt=\"Popust na progeCAD do kraja godine\" decoding=\"async\" srcset=\"https:\/\/cadglobal.eu\/wp-content\/uploads\/2024\/04\/progecad_popust_Mala.jpg 475w, https:\/\/cadglobal.eu\/wp-content\/uploads\/2024\/04\/progecad_popust_Mala-400x248.jpg 400w, https:\/\/cadglobal.eu\/wp-content\/uploads\/2024\/04\/progecad_popust_Mala-150x93.jpg 150w\" sizes=\"(max-width: 475px) 100vw, 475px\" \/>\t\t\t\t\t\t\t\t<\/a>\n\t\t\t\t\t\t\t<\/div>\n\t\t\t\t\t\t\t<div class=\"post-image-mask\">\n\t\t\t\t\t\t\t\t<span><\/span>\n\t\t\t\t\t\t\t<\/div>\n\n\t\t\t\t\t\t\n\t\t\t\t\t<\/figure>\n\t\t\t\t\n\t\t\t\t\t\t\t\t\t\t\t\t<div class=\"post-date wd-post-date wd-style-with-bg\">\n\t\t\t\t<span class=\"post-date-day\">\n\t\t\t\t\t03\t\t\t\t<\/span>\n\t\t\t\t<span class=\"post-date-month\">\n\t\t\t\t\tpro\t\t\t\t<\/span>\n\t\t\t<\/div>\n\t\t\t\t\t\t\n\t\t\t<\/header><!-- .entry-header -->\n\n\t\t<div class=\"article-body-container\">\n\t\t\t\n\t\t\t\t\n\t\t\t\t\t\t\t\t\t<h3 class=\"wd-entities-title title post-title\">\n\t\t\t\t\t\t<a href=\"https:\/\/cadglobal.eu\/hr\/novosti\/popust-na-progecad-do-kraja-godine\/\" rel=\"bookmark\">Popust na progeCAD do kraja godine<\/a>\n\t\t\t\t\t<\/h3>\n\t\t\t\t\n\t\t\t\t\t\t\t\n\t\t\t\t\t\t\t\n\t\t\t\t                    <div class=\"entry-content wd-entry-content\">\n\t\t\t\t\t\t<p>Iskoristite poseban popust na licence progeCAD 2014 Professional i nabavite CAD software po najpovoljnijim uvjetima._x000D_<br \/>\nAko jo\u0161 niste, besplatno isprobajte progeCAD i uvjerite se za\u0161to je najpovoljniji klon AutoCAD-a._x000D_<br \/>\nIako je standardna cijena progeCAD 2014 i ina\u010de niska, sada je sni\u017eena \u010dak do 1.664,00 kuna!<\/p>\n\n\t\t\t\t\t\t\t\t\t\t\t<\/div><!-- .entry-content -->\n\t\t\t\t\n\t\t\t\t\t\t\t\t\t\t\t\t\t\t<p class=\"read-more-section\">\n\t\t\t\t\t\t<a class=\"btn-read-more more-link\" href=\"https:\/\/cadglobal.eu\/hr\/novosti\/popust-na-progecad-do-kraja-godine\/\">Pro\u010ditaj vi\u0161e<\/a>\t\t\t\t\t<\/p>\n\t\t\t\t\t\t\t\t\t\t\t\n\t\t\t\n\t\t\t\t\t<\/div>\n\t<\/div>\n<\/article><!-- #post -->\n\n\n\t\t\t\t\t\t\t\t\t\t\t\n<article id=\"post-3138\" class=\"wd-post blog-design-masonry blog-post-loop blog-style-bg wd-add-shadow wd-col post-3138 post type-post status-publish format-standard has-post-thumbnail hentry category-novosti\">\n\t<div class=\"article-inner\">\n\t\t\t\t\t<header class=\"entry-header\">\n\t\t\t\t\t\t\t\t\t<figure id=\"carousel-160\" class=\"entry-thumbnail\">\n\t\t\t\t\t\t\n\t\t\t\t\t\t\t<div class=\"post-img-wrapp\">\n\t\t\t\t\t\t\t\t<a href=\"https:\/\/cadglobal.eu\/hr\/novosti\/cad-black-friday-progecad-ima-velike-popuste-do-nedjelje\/\">\n\t\t\t\t\t\t\t\t\t<img width=\"882\" height=\"331\" src=\"https:\/\/cadglobal.eu\/wp-content\/uploads\/2024\/04\/BANNER_BLACK_FRIDAY_Mala-1.jpg\" class=\"attachment-large size-large\" alt=\"CAD BLACK FRIDAY - progeCAD ima velike popuste do nedjelje\" decoding=\"async\" srcset=\"https:\/\/cadglobal.eu\/wp-content\/uploads\/2024\/04\/BANNER_BLACK_FRIDAY_Mala-1.jpg 882w, https:\/\/cadglobal.eu\/wp-content\/uploads\/2024\/04\/BANNER_BLACK_FRIDAY_Mala-1-400x150.jpg 400w, https:\/\/cadglobal.eu\/wp-content\/uploads\/2024\/04\/BANNER_BLACK_FRIDAY_Mala-1-768x288.jpg 768w, https:\/\/cadglobal.eu\/wp-content\/uploads\/2024\/04\/BANNER_BLACK_FRIDAY_Mala-1-700x263.jpg 700w, https:\/\/cadglobal.eu\/wp-content\/uploads\/2024\/04\/BANNER_BLACK_FRIDAY_Mala-1-150x56.jpg 150w\" sizes=\"(max-width: 882px) 100vw, 882px\" \/>\t\t\t\t\t\t\t\t<\/a>\n\t\t\t\t\t\t\t<\/div>\n\t\t\t\t\t\t\t<div class=\"post-image-mask\">\n\t\t\t\t\t\t\t\t<span><\/span>\n\t\t\t\t\t\t\t<\/div>\n\n\t\t\t\t\t\t\n\t\t\t\t\t<\/figure>\n\t\t\t\t\n\t\t\t\t\t\t\t\t\t\t\t\t<div class=\"post-date wd-post-date wd-style-with-bg\">\n\t\t\t\t<span class=\"post-date-day\">\n\t\t\t\t\t22\t\t\t\t<\/span>\n\t\t\t\t<span class=\"post-date-month\">\n\t\t\t\t\tstu\t\t\t\t<\/span>\n\t\t\t<\/div>\n\t\t\t\t\t\t\n\t\t\t<\/header><!-- .entry-header -->\n\n\t\t<div class=\"article-body-container\">\n\t\t\t\n\t\t\t\t\n\t\t\t\t\t\t\t\t\t<h3 class=\"wd-entities-title title post-title\">\n\t\t\t\t\t\t<a href=\"https:\/\/cadglobal.eu\/hr\/novosti\/cad-black-friday-progecad-ima-velike-popuste-do-nedjelje\/\" rel=\"bookmark\">CAD BLACK FRIDAY &#8211; progeCAD ima velike popuste do nedjelje<\/a>\n\t\t\t\t\t<\/h3>\n\t\t\t\t\n\t\t\t\t\t\t\t\n\t\t\t\t\t\t\t\n\t\t\t\t                    <div class=\"entry-content wd-entry-content\">\n\t\t\t\t\t\t<p>22.11.2018. Ako su cipele na sni\u017eenju, za\u0161to ne bi bili i softveri? <\/p>\n\n\t\t\t\t\t\t\t\t\t\t\t<\/div><!-- .entry-content -->\n\t\t\t\t\n\t\t\t\t\t\t\t\t\t\t\t\t\t\t<p class=\"read-more-section\">\n\t\t\t\t\t\t<a class=\"btn-read-more more-link\" href=\"https:\/\/cadglobal.eu\/hr\/novosti\/cad-black-friday-progecad-ima-velike-popuste-do-nedjelje\/\">Pro\u010ditaj vi\u0161e<\/a>\t\t\t\t\t<\/p>\n\t\t\t\t\t\t\t\t\t\t\t\n\t\t\t\n\t\t\t\t\t<\/div>\n\t<\/div>\n<\/article><!-- #post -->\n\n\n\t\t\t\t\t\t\t\t\t\t\t\n<article id=\"post-3214\" class=\"wd-post blog-design-masonry blog-post-loop blog-style-bg wd-add-shadow wd-col post-3214 post type-post status-publish format-standard hentry category-novosti\">\n\t<div class=\"article-inner\">\n\t\t\t\t\t<header class=\"entry-header\">\n\t\t\t\t\n\t\t\t\t\t\t\t\t\t\t\t\t<div class=\"post-date wd-post-date wd-style-with-bg\">\n\t\t\t\t<span class=\"post-date-day\">\n\t\t\t\t\t29\t\t\t\t<\/span>\n\t\t\t\t<span class=\"post-date-month\">\n\t\t\t\t\tsrp\t\t\t\t<\/span>\n\t\t\t<\/div>\n\t\t\t\t\t\t\n\t\t\t<\/header><!-- .entry-header -->\n\n\t\t<div class=\"article-body-container\">\n\t\t\t\n\t\t\t\t\n\t\t\t\t\t\t\t\t\t<h3 class=\"wd-entities-title title post-title\">\n\t\t\t\t\t\t<a href=\"https:\/\/cadglobal.eu\/hr\/novosti\/29-07-2014-krajnje-je-vrijeme-za-nadogradnju-autocad-a-na-noviju-verziju-uz-popust\/\" rel=\"bookmark\">29.07.2014. Krajnje je vrijeme za nadogradnju AutoCAD-a na noviju verziju uz popust.<\/a>\n\t\t\t\t\t<\/h3>\n\t\t\t\t\n\t\t\t\t\t\t\t\n\t\t\t\t\t\t\t\n\t\t\t\t                    <div class=\"entry-content wd-entry-content\">\n\t\t\t\t\t\t<p>29.07.2014. Krajnje je vrijeme za nadogradnju AutoCAD-a na noviju verziju.<\/p>\n\n\t\t\t\t\t\t\t\t\t\t\t<\/div><!-- .entry-content -->\n\t\t\t\t\n\t\t\t\t\t\t\t\t\t\t\t\t\t\t<p class=\"read-more-section\">\n\t\t\t\t\t\t<a class=\"btn-read-more more-link\" href=\"https:\/\/cadglobal.eu\/hr\/novosti\/29-07-2014-krajnje-je-vrijeme-za-nadogradnju-autocad-a-na-noviju-verziju-uz-popust\/\">Pro\u010ditaj vi\u0161e<\/a>\t\t\t\t\t<\/p>\n\t\t\t\t\t\t\t\t\t\t\t\n\t\t\t\n\t\t\t\t\t<\/div>\n\t<\/div>\n<\/article><!-- #post -->\n\n\n\t\t\t\t\t\t\t\t\t\t\t\n<article id=\"post-3165\" class=\"wd-post blog-design-masonry blog-post-loop blog-style-bg wd-add-shadow wd-col post-3165 post type-post status-publish format-standard hentry category-novosti\">\n\t<div class=\"article-inner\">\n\t\t\t\t\t<header class=\"entry-header\">\n\t\t\t\t\n\t\t\t\t\t\t\t\t\t\t\t\t<div class=\"post-date wd-post-date wd-style-with-bg\">\n\t\t\t\t<span class=\"post-date-day\">\n\t\t\t\t\t16\t\t\t\t<\/span>\n\t\t\t\t<span class=\"post-date-month\">\n\t\t\t\t\tlip\t\t\t\t<\/span>\n\t\t\t<\/div>\n\t\t\t\t\t\t\n\t\t\t<\/header><!-- .entry-header -->\n\n\t\t<div class=\"article-body-container\">\n\t\t\t\n\t\t\t\t\n\t\t\t\t\t\t\t\t\t<h3 class=\"wd-entities-title title post-title\">\n\t\t\t\t\t\t<a href=\"https:\/\/cadglobal.eu\/hr\/novosti\/ustedite-i-do-20-000-kuna-kod-nabave-softwarea\/\" rel=\"bookmark\">U\u0161tedite i do 20.000 kuna kod nabave softwarea<\/a>\n\t\t\t\t\t<\/h3>\n\t\t\t\t\n\t\t\t\t\t\t\t\n\t\t\t\t\t\t\t\n\t\t\t\t                    <div class=\"entry-content wd-entry-content\">\n\t\t\t\t\t\t<p>Tvrtka RITEH ve\u0107 godinama olak\u0161ava Va\u0161e poslovanje najni\u017eim cijenama softwarea na tr\u017ei\u0161tu. Jedan od na\u010dina je i poseban dogovor s HKA i HKIG, za \u010dije \u010dlanove je cijena dodatno sni\u017eena, a podupiremo i novoosnovane tvrtke mla\u0111e od 6 mjeseci, te doniramo software obrazovnim i znanstvenim institucijama. <\/p>\n\n\t\t\t\t\t\t\t\t\t\t\t<\/div><!-- .entry-content -->\n\t\t\t\t\n\t\t\t\t\t\t\t\t\t\t\t\t\t\t<p class=\"read-more-section\">\n\t\t\t\t\t\t<a class=\"btn-read-more more-link\" href=\"https:\/\/cadglobal.eu\/hr\/novosti\/ustedite-i-do-20-000-kuna-kod-nabave-softwarea\/\">Pro\u010ditaj vi\u0161e<\/a>\t\t\t\t\t<\/p>\n\t\t\t\t\t\t\t\t\t\t\t\n\t\t\t\n\t\t\t\t\t<\/div>\n\t<\/div>\n<\/article><!-- #post -->\n\n\n\t\t\t\t\t\t\t\t\t\t\t\n<article id=\"post-3167\" class=\"wd-post blog-design-masonry blog-post-loop blog-style-bg wd-add-shadow wd-col post-3167 post type-post status-publish format-standard hentry category-novosti\">\n\t<div class=\"article-inner\">\n\t\t\t\t\t<header class=\"entry-header\">\n\t\t\t\t\n\t\t\t\t\t\t\t\t\t\t\t\t<div class=\"post-date wd-post-date wd-style-with-bg\">\n\t\t\t\t<span class=\"post-date-day\">\n\t\t\t\t\t28\t\t\t\t<\/span>\n\t\t\t\t<span class=\"post-date-month\">\n\t\t\t\t\tsvi\t\t\t\t<\/span>\n\t\t\t<\/div>\n\t\t\t\t\t\t\n\t\t\t<\/header><!-- .entry-header -->\n\n\t\t<div class=\"article-body-container\">\n\t\t\t\n\t\t\t\t\n\t\t\t\t\t\t\t\t\t<h3 class=\"wd-entities-title title post-title\">\n\t\t\t\t\t\t<a href=\"https:\/\/cadglobal.eu\/hr\/novosti\/fakultetima-i-ostalim-visokim-ucilistima-doniran-progecad\/\" rel=\"bookmark\">Fakultetima i ostalim visokim u\u010dili\u0161tima doniran progeCAD<\/a>\n\t\t\t\t\t<\/h3>\n\t\t\t\t\n\t\t\t\t\t\t\t\n\t\t\t\t\t\t\t\n\t\t\t\t                    <div class=\"entry-content wd-entry-content\">\n\t\t\t\t\t\t<p>Fakultetima i ostalim visokim u\u010dili\u0161tima donirali smo progeCAD. progeCAD je ve\u0107 prepoznat kao pouzdan alat za posao, ali i za obrazovne svrhe. Mnogi hrvatski fakulteti, visoka u\u010dili\u0161ta ali i srednje \u0161kole su se priklju\u010dili u program besplatnih obrazovnih licenci. ProgeCAD omogu\u0107uje potpuno besplatno kori\u0161tenje na svim ra\u010dunalima na fakultetu ili u \u0161koli, te dodatno svim profesorima i studentima\/u\u010denicima kod ku\u0107e.<\/p>\n\n\t\t\t\t\t\t\t\t\t\t\t<\/div><!-- .entry-content -->\n\t\t\t\t\n\t\t\t\t\t\t\t\t\t\t\t\t\t\t<p class=\"read-more-section\">\n\t\t\t\t\t\t<a class=\"btn-read-more more-link\" href=\"https:\/\/cadglobal.eu\/hr\/novosti\/fakultetima-i-ostalim-visokim-ucilistima-doniran-progecad\/\">Pro\u010ditaj vi\u0161e<\/a>\t\t\t\t\t<\/p>\n\t\t\t\t\t\t\t\t\t\t\t\n\t\t\t\n\t\t\t\t\t<\/div>\n\t<\/div>\n<\/article><!-- #post -->\n\n\n\t\t\t\t\t\t\t\t\t\t\t\n<article id=\"post-3200\" class=\"wd-post blog-design-masonry blog-post-loop blog-style-bg wd-add-shadow wd-col post-3200 post type-post status-publish format-standard has-post-thumbnail hentry category-novosti\">\n\t<div class=\"article-inner\">\n\t\t\t\t\t<header class=\"entry-header\">\n\t\t\t\t\t\t\t\t\t<figure id=\"carousel-367\" class=\"entry-thumbnail\">\n\t\t\t\t\t\t\n\t\t\t\t\t\t\t<div class=\"post-img-wrapp\">\n\t\t\t\t\t\t\t\t<a href=\"https:\/\/cadglobal.eu\/hr\/novosti\/10-04-2014-izasao-je-novi-autocad-2015-u-full-i-lt-verziji-u-hrvatskoj-je-raspoloziv-od-sljedeceg-tjedna\/\">\n\t\t\t\t\t\t\t\t\t<img width=\"1\" height=\"1\" src=\"https:\/\/cadglobal.eu\/wp-content\/uploads\/2024\/04\/autocad-lt-2015_V_Velika.jpg\" class=\"attachment-large size-large\" alt=\"\" decoding=\"async\" \/>\t\t\t\t\t\t\t\t<\/a>\n\t\t\t\t\t\t\t<\/div>\n\t\t\t\t\t\t\t<div class=\"post-image-mask\">\n\t\t\t\t\t\t\t\t<span><\/span>\n\t\t\t\t\t\t\t<\/div>\n\n\t\t\t\t\t\t\n\t\t\t\t\t<\/figure>\n\t\t\t\t\n\t\t\t\t\t\t\t\t\t\t\t\t<div class=\"post-date wd-post-date wd-style-with-bg\">\n\t\t\t\t<span class=\"post-date-day\">\n\t\t\t\t\t10\t\t\t\t<\/span>\n\t\t\t\t<span class=\"post-date-month\">\n\t\t\t\t\ttra\t\t\t\t<\/span>\n\t\t\t<\/div>\n\t\t\t\t\t\t\n\t\t\t<\/header><!-- .entry-header -->\n\n\t\t<div class=\"article-body-container\">\n\t\t\t\n\t\t\t\t\n\t\t\t\t\t\t\t\t\t<h3 class=\"wd-entities-title title post-title\">\n\t\t\t\t\t\t<a href=\"https:\/\/cadglobal.eu\/hr\/novosti\/10-04-2014-izasao-je-novi-autocad-2015-u-full-i-lt-verziji-u-hrvatskoj-je-raspoloziv-od-sljedeceg-tjedna\/\" rel=\"bookmark\">Iza\u0161ao je novi AutoCAD 2015 u full i LT verziji. U Hrvatskoj je raspolo\u017eiv od sljede\u0107eg tjedna.<\/a>\n\t\t\t\t\t<\/h3>\n\t\t\t\t\n\t\t\t\t\t\t\t\n\t\t\t\t\t\t\t\n\t\t\t\t                    <div class=\"entry-content wd-entry-content\">\n\t\t\t\t\t\t<p>10.04.2014. Iza\u0161ao je novi AutoCAD 2015 u full i LT verziji. U Hrvatskoj je raspolo\u017eiv od sljede\u0107eg tjedna.<\/p>\n\n\t\t\t\t\t\t\t\t\t\t\t<\/div><!-- .entry-content -->\n\t\t\t\t\n\t\t\t\t\t\t\t\t\t\t\t\t\t\t<p class=\"read-more-section\">\n\t\t\t\t\t\t<a class=\"btn-read-more more-link\" href=\"https:\/\/cadglobal.eu\/hr\/novosti\/10-04-2014-izasao-je-novi-autocad-2015-u-full-i-lt-verziji-u-hrvatskoj-je-raspoloziv-od-sljedeceg-tjedna\/\">Pro\u010ditaj vi\u0161e<\/a>\t\t\t\t\t<\/p>\n\t\t\t\t\t\t\t\t\t\t\t\n\t\t\t\n\t\t\t\t\t<\/div>\n\t<\/div>\n<\/article><!-- #post -->\n\n\n\t\t\t\t\t\n\t\t\t\t\t","status":"have-posts","nextPage":"https:\/\/cadglobal.eu\/hr\/blog\/page\/7\/?woo_ajax=1","currentPage":"https:\/\/cadglobal.eu\/hr\/blog\/page\/6"}