
			
				

					
				

			
		{"items":"\n\t\t\t\t\t\t\t\t\t\t\t\n<article id=\"post-3167\" class=\"wd-post blog-design-masonry blog-post-loop blog-style-bg wd-add-shadow wd-col post-3167 post type-post status-publish format-standard hentry category-novosti\">\n\t<div class=\"article-inner\">\n\t\t\t\t\t<header class=\"entry-header\">\n\t\t\t\t\n\t\t\t\t\t\t\t\t\t\t\t\t<div class=\"post-date wd-post-date wd-style-with-bg\">\n\t\t\t\t<span class=\"post-date-day\">\n\t\t\t\t\t28\t\t\t\t<\/span>\n\t\t\t\t<span class=\"post-date-month\">\n\t\t\t\t\tsvi\t\t\t\t<\/span>\n\t\t\t<\/div>\n\t\t\t\t\t\t\n\t\t\t<\/header><!-- .entry-header -->\n\n\t\t<div class=\"article-body-container\">\n\t\t\t\n\t\t\t\t\t\t\t\t\t<div class=\"meta-categories-wrapp\"><div class=\"meta-post-categories wd-post-cat wd-style-with-bg\"><a href=\"https:\/\/cadglobal.eu\/hr\/category\/novosti\/\" rel=\"category tag\">Novosti<\/a><\/div><\/div>\n\t\t\t\t\n\t\t\t\t\t\t\t\t\t<h3 class=\"wd-entities-title title post-title\">\n\t\t\t\t\t\t<a href=\"https:\/\/cadglobal.eu\/hr\/novosti\/fakultetima-i-ostalim-visokim-ucilistima-doniran-progecad\/\" rel=\"bookmark\">Fakultetima i ostalim visokim u\u010dili\u0161tima doniran progeCAD<\/a>\n\t\t\t\t\t<\/h3>\n\t\t\t\t\n\t\t\t\t\t\t\t\t\t<div class=\"entry-meta wd-entry-meta\">\n\t\t\t\t\t\t\t\t\t<ul class=\"entry-meta-list\">\n\t\t\t\t\t\t\t\t\t<li class=\"modified-date\">\n\t\t\t\t\t\t\t\t<time class=\"updated\" datetime=\"2024-08-17T20:15:33+02:00\">\n\t\t\t17.08.2024.\t\t<\/time>\n\t\t\t\t\t\t\t<\/li>\n\n\t\t\t\t\t\n\t\t\t\t\t\t\t\t\t\t\t<li class=\"meta-author\">\n\t\t\t\t\t\t\t\t\t\t\t\t<span>By<\/span>\n\t\t\n\t\t\t\t\t<img alt='author-avatar' src='https:\/\/secure.gravatar.com\/avatar\/f01d86db7ce2007216528f4548055cbc35396988a164a484a0db264e4cfb132c?s=32&#038;d=mm&#038;r=g' srcset='https:\/\/secure.gravatar.com\/avatar\/f01d86db7ce2007216528f4548055cbc35396988a164a484a0db264e4cfb132c?s=64&#038;d=mm&#038;r=g 2x' class='avatar avatar-32 photo' height='32' width='32' decoding='async'\/>\t\t\n\t\t<a href=\"https:\/\/cadglobal.eu\/hr\/autor\/sara\/\" rel=\"author\">\n\t\t\t<span class=\"vcard author author_name\">\n\t\t\t\t<span class=\"fn\">Sara<\/span>\n\t\t\t<\/span>\n\t\t<\/a>\n\t\t\t\t\t\t\t\t<\/li>\n\t\t\t\t\t\n\t\t\t\t\t\n\t\t\t\t\t\t\t\t\t\t\t\t<\/ul>\n\t\t\t\t\t\t\t<\/div><!-- .entry-meta -->\n\t\t\t\t\t\t\t\t\t\t\t<div class=\"hovered-social-icons wd-tltp wd-tltp-top\">\n\t\t\t\t\t\t\t<div class=\"wd-tooltip-label\">\n\t\t\t\t\t\t\t\t\t\t\t<link rel=\"stylesheet\" id=\"wd-social-icons-css\" href=\"https:\/\/cadglobal.eu\/wp-content\/themes\/woodmart\/css\/parts\/el-social-icons.min.css?ver=7.4.3\" type=\"text\/css\" media=\"all\" \/> \t\t\t\n\t\t\t<div class=\" wd-social-icons icons-design-default icons-size-small color-scheme-light social-share social-form-circle text-center\">\n\n\t\t\t\t\n\t\t\t\t\t\t\t\t\t<a rel=\"noopener noreferrer nofollow\" href=\"https:\/\/www.facebook.com\/sharer\/sharer.php?u=https:\/\/cadglobal.eu\/hr\/category\/novosti\/\" target=\"_blank\" class=\" wd-social-icon social-facebook\" aria-label=\"Facebook social link\">\n\t\t\t\t\t\t<span class=\"wd-icon\"><\/span>\n\t\t\t\t\t\t\t\t\t\t\t<\/a>\n\t\t\t\t\n\t\t\t\t\t\t\t\t\t<a rel=\"noopener noreferrer nofollow\" href=\"https:\/\/x.com\/share?url=https:\/\/cadglobal.eu\/hr\/category\/novosti\/\" target=\"_blank\" class=\" wd-social-icon social-twitter\" aria-label=\"X social link\">\n\t\t\t\t\t\t<span class=\"wd-icon\"><\/span>\n\t\t\t\t\t\t\t\t\t\t\t<\/a>\n\t\t\t\t\n\t\t\t\t\t\t\t\t\t<a rel=\"noopener noreferrer nofollow\" href=\"mailto:?subject=Check%20this%20https:\/\/cadglobal.eu\/hr\/category\/novosti\/\" target=\"_blank\" class=\" wd-social-icon social-email\" aria-label=\"Email social link\">\n\t\t\t\t\t\t<span class=\"wd-icon\"><\/span>\n\t\t\t\t\t\t\t\t\t\t\t<\/a>\n\t\t\t\t\n\t\t\t\t\n\t\t\t\t\n\t\t\t\t\n\t\t\t\t\n\t\t\t\t\n\t\t\t\t\n\t\t\t\t\n\t\t\t\t\n\t\t\t\t\n\t\t\t\t\n\t\t\t\t\n\t\t\t\t\n\t\t\t\t\n\t\t\t\t\n\t\t\t\t\t\t\t\t\n\t\t\t\t\t\t\t\t\n\t\t\t\t\n\t\t\t\t\n\t\t\t\t\t\t\t\t\t<a rel=\"noopener noreferrer nofollow\" href=\"https:\/\/telegram.me\/share\/url?url=https:\/\/cadglobal.eu\/hr\/category\/novosti\/\" target=\"_blank\" class=\" wd-social-icon social-tg\" aria-label=\"Telegram social link\">\n\t\t\t\t\t\t<span class=\"wd-icon\"><\/span>\n\t\t\t\t\t\t\t\t\t\t\t<\/a>\n\t\t\t\t\t\t\t\t\n\t\t\t\t\n\t\t\t<\/div>\n\n\t\t\t\t\t\t\t\t\t<\/div>\n\t\t\t\t\t\t<\/div>\n\t\t\t\t\t\t\t\t\t\t\t\t\n\t\t\t\t\t\t\t\n\t\t\t\t                    <div class=\"entry-content wd-entry-content\">\n\t\t\t\t\t\t<p>Fakultetima i ostalim visokim u\u010dili\u0161tima donirali smo progeCAD. progeCAD je ve\u0107 prepoznat kao pouzdan alat za posao, ali i za obrazovne svrhe. Mnogi hrvatski fakulteti, visoka u\u010dili\u0161ta ali i srednje \u0161kole su se priklju\u010dili u program besplatnih obrazovnih licenci. ProgeCAD omogu\u0107uje potpuno besplatno kori\u0161tenje na svim ra\u010dunalima na fakultetu ili u \u0161koli, te dodatno svim profesorima i studentima\/u\u010denicima kod ku\u0107e.<\/p>\n\n\t\t\t\t\t\t\t\t\t\t\t<\/div><!-- .entry-content -->\n\t\t\t\t\n\t\t\t\t\t\t\t\t\t\t\t\t\t\t<p class=\"read-more-section\">\n\t\t\t\t\t\t<a class=\"btn-read-more more-link\" href=\"https:\/\/cadglobal.eu\/hr\/novosti\/fakultetima-i-ostalim-visokim-ucilistima-doniran-progecad\/\">Pro\u010ditaj vi\u0161e<\/a>\t\t\t\t\t<\/p>\n\t\t\t\t\t\t\t\t\t\t\t\n\t\t\t\n\t\t\t\t\t<\/div>\n\t<\/div>\n<\/article><!-- #post -->\n\n\n\t\t\t\t\t\t\t\t\t\t\t\n<article id=\"post-3200\" class=\"wd-post blog-design-masonry blog-post-loop blog-style-bg wd-add-shadow wd-col post-3200 post type-post status-publish format-standard has-post-thumbnail hentry category-novosti\">\n\t<div class=\"article-inner\">\n\t\t\t\t\t<header class=\"entry-header\">\n\t\t\t\t\t\t\t\t\t<figure id=\"carousel-513\" class=\"entry-thumbnail\">\n\t\t\t\t\t\t\n\t\t\t\t\t\t\t<div class=\"post-img-wrapp\">\n\t\t\t\t\t\t\t\t<a href=\"https:\/\/cadglobal.eu\/hr\/novosti\/10-04-2014-izasao-je-novi-autocad-2015-u-full-i-lt-verziji-u-hrvatskoj-je-raspoloziv-od-sljedeceg-tjedna\/\">\n\t\t\t\t\t\t\t\t\t<img width=\"1\" height=\"1\" src=\"https:\/\/cadglobal.eu\/wp-content\/uploads\/2024\/04\/autocad-lt-2015_V_Velika.jpg\" class=\"attachment-large size-large\" alt=\"\" decoding=\"async\" \/>\t\t\t\t\t\t\t\t<\/a>\n\t\t\t\t\t\t\t<\/div>\n\t\t\t\t\t\t\t<div class=\"post-image-mask\">\n\t\t\t\t\t\t\t\t<span><\/span>\n\t\t\t\t\t\t\t<\/div>\n\n\t\t\t\t\t\t\n\t\t\t\t\t<\/figure>\n\t\t\t\t\n\t\t\t\t\t\t\t\t\t\t\t\t<div class=\"post-date wd-post-date wd-style-with-bg\">\n\t\t\t\t<span class=\"post-date-day\">\n\t\t\t\t\t10\t\t\t\t<\/span>\n\t\t\t\t<span class=\"post-date-month\">\n\t\t\t\t\ttra\t\t\t\t<\/span>\n\t\t\t<\/div>\n\t\t\t\t\t\t\n\t\t\t<\/header><!-- .entry-header -->\n\n\t\t<div class=\"article-body-container\">\n\t\t\t\n\t\t\t\t\t\t\t\t\t<div class=\"meta-categories-wrapp\"><div class=\"meta-post-categories wd-post-cat wd-style-with-bg\"><a href=\"https:\/\/cadglobal.eu\/hr\/category\/novosti\/\" rel=\"category tag\">Novosti<\/a><\/div><\/div>\n\t\t\t\t\n\t\t\t\t\t\t\t\t\t<h3 class=\"wd-entities-title title post-title\">\n\t\t\t\t\t\t<a href=\"https:\/\/cadglobal.eu\/hr\/novosti\/10-04-2014-izasao-je-novi-autocad-2015-u-full-i-lt-verziji-u-hrvatskoj-je-raspoloziv-od-sljedeceg-tjedna\/\" rel=\"bookmark\">Iza\u0161ao je novi AutoCAD 2015 u full i LT verziji. U Hrvatskoj je raspolo\u017eiv od sljede\u0107eg tjedna.<\/a>\n\t\t\t\t\t<\/h3>\n\t\t\t\t\n\t\t\t\t\t\t\t\t\t<div class=\"entry-meta wd-entry-meta\">\n\t\t\t\t\t\t\t\t\t<ul class=\"entry-meta-list\">\n\t\t\t\t\t\t\t\t\t<li class=\"modified-date\">\n\t\t\t\t\t\t\t\t<time class=\"updated\" datetime=\"2024-05-13T08:44:53+02:00\">\n\t\t\t13.05.2024.\t\t<\/time>\n\t\t\t\t\t\t\t<\/li>\n\n\t\t\t\t\t\n\t\t\t\t\t\t\t\t\t\t\t<li class=\"meta-author\">\n\t\t\t\t\t\t\t\t\t\t\t\t<span>By<\/span>\n\t\t\n\t\t\t\t\t<img alt='author-avatar' src='https:\/\/secure.gravatar.com\/avatar\/f01d86db7ce2007216528f4548055cbc35396988a164a484a0db264e4cfb132c?s=32&#038;d=mm&#038;r=g' srcset='https:\/\/secure.gravatar.com\/avatar\/f01d86db7ce2007216528f4548055cbc35396988a164a484a0db264e4cfb132c?s=64&#038;d=mm&#038;r=g 2x' class='avatar avatar-32 photo' height='32' width='32' decoding='async'\/>\t\t\n\t\t<a href=\"https:\/\/cadglobal.eu\/hr\/autor\/sara\/\" rel=\"author\">\n\t\t\t<span class=\"vcard author author_name\">\n\t\t\t\t<span class=\"fn\">Sara<\/span>\n\t\t\t<\/span>\n\t\t<\/a>\n\t\t\t\t\t\t\t\t<\/li>\n\t\t\t\t\t\n\t\t\t\t\t\n\t\t\t\t\t\t\t\t\t\t\t\t<\/ul>\n\t\t\t\t\t\t\t<\/div><!-- .entry-meta -->\n\t\t\t\t\t\t\t\t\t\t\t<div class=\"hovered-social-icons wd-tltp wd-tltp-top\">\n\t\t\t\t\t\t\t<div class=\"wd-tooltip-label\">\n\t\t\t\t\t\t\t\t\n\t\t\t<div class=\" wd-social-icons icons-design-default icons-size-small color-scheme-light social-share social-form-circle text-center\">\n\n\t\t\t\t\n\t\t\t\t\t\t\t\t\t<a rel=\"noopener noreferrer nofollow\" href=\"https:\/\/www.facebook.com\/sharer\/sharer.php?u=https:\/\/cadglobal.eu\/hr\/category\/novosti\/\" target=\"_blank\" class=\" wd-social-icon social-facebook\" aria-label=\"Facebook social link\">\n\t\t\t\t\t\t<span class=\"wd-icon\"><\/span>\n\t\t\t\t\t\t\t\t\t\t\t<\/a>\n\t\t\t\t\n\t\t\t\t\t\t\t\t\t<a rel=\"noopener noreferrer nofollow\" href=\"https:\/\/x.com\/share?url=https:\/\/cadglobal.eu\/hr\/category\/novosti\/\" target=\"_blank\" class=\" wd-social-icon social-twitter\" aria-label=\"X social link\">\n\t\t\t\t\t\t<span class=\"wd-icon\"><\/span>\n\t\t\t\t\t\t\t\t\t\t\t<\/a>\n\t\t\t\t\n\t\t\t\t\t\t\t\t\t<a rel=\"noopener noreferrer nofollow\" href=\"mailto:?subject=Check%20this%20https:\/\/cadglobal.eu\/hr\/category\/novosti\/\" target=\"_blank\" class=\" wd-social-icon social-email\" aria-label=\"Email social link\">\n\t\t\t\t\t\t<span class=\"wd-icon\"><\/span>\n\t\t\t\t\t\t\t\t\t\t\t<\/a>\n\t\t\t\t\n\t\t\t\t\n\t\t\t\t\n\t\t\t\t\n\t\t\t\t\n\t\t\t\t\n\t\t\t\t\n\t\t\t\t\n\t\t\t\t\n\t\t\t\t\n\t\t\t\t\n\t\t\t\t\n\t\t\t\t\n\t\t\t\t\n\t\t\t\t\n\t\t\t\t\t\t\t\t\n\t\t\t\t\t\t\t\t\n\t\t\t\t\n\t\t\t\t\n\t\t\t\t\t\t\t\t\t<a rel=\"noopener noreferrer nofollow\" href=\"https:\/\/telegram.me\/share\/url?url=https:\/\/cadglobal.eu\/hr\/category\/novosti\/\" target=\"_blank\" class=\" wd-social-icon social-tg\" aria-label=\"Telegram social link\">\n\t\t\t\t\t\t<span class=\"wd-icon\"><\/span>\n\t\t\t\t\t\t\t\t\t\t\t<\/a>\n\t\t\t\t\t\t\t\t\n\t\t\t\t\n\t\t\t<\/div>\n\n\t\t\t\t\t\t\t\t\t<\/div>\n\t\t\t\t\t\t<\/div>\n\t\t\t\t\t\t\t\t\t\t\t\t\n\t\t\t\t\t\t\t\n\t\t\t\t                    <div class=\"entry-content wd-entry-content\">\n\t\t\t\t\t\t<p>10.04.2014. Iza\u0161ao je novi AutoCAD 2015 u full i LT verziji. U Hrvatskoj je raspolo\u017eiv od sljede\u0107eg tjedna.<\/p>\n\n\t\t\t\t\t\t\t\t\t\t\t<\/div><!-- .entry-content -->\n\t\t\t\t\n\t\t\t\t\t\t\t\t\t\t\t\t\t\t<p class=\"read-more-section\">\n\t\t\t\t\t\t<a class=\"btn-read-more more-link\" href=\"https:\/\/cadglobal.eu\/hr\/novosti\/10-04-2014-izasao-je-novi-autocad-2015-u-full-i-lt-verziji-u-hrvatskoj-je-raspoloziv-od-sljedeceg-tjedna\/\">Pro\u010ditaj vi\u0161e<\/a>\t\t\t\t\t<\/p>\n\t\t\t\t\t\t\t\t\t\t\t\n\t\t\t\n\t\t\t\t\t<\/div>\n\t<\/div>\n<\/article><!-- #post -->\n\n\n\t\t\t\t\t\t\t\t\t\t\t\n<article id=\"post-3217\" class=\"wd-post blog-design-masonry blog-post-loop blog-style-bg wd-add-shadow wd-col post-3217 post type-post status-publish format-standard has-post-thumbnail hentry category-novosti\">\n\t<div class=\"article-inner\">\n\t\t\t\t\t<header class=\"entry-header\">\n\t\t\t\t\t\t\t\t\t<figure id=\"carousel-450\" class=\"entry-thumbnail\">\n\t\t\t\t\t\t\n\t\t\t\t\t\t\t<div class=\"post-img-wrapp\">\n\t\t\t\t\t\t\t\t<a href=\"https:\/\/cadglobal.eu\/hr\/novosti\/26-02-2014-microsoft-ukida-podrsku-za-windows-xp-i-office-2003\/\">\n\t\t\t\t\t\t\t\t\t<img width=\"1\" height=\"1\" src=\"https:\/\/cadglobal.eu\/wp-content\/uploads\/2024\/04\/winxppro_Velika.png\" class=\"attachment-large size-large\" alt=\"\" decoding=\"async\" \/>\t\t\t\t\t\t\t\t<\/a>\n\t\t\t\t\t\t\t<\/div>\n\t\t\t\t\t\t\t<div class=\"post-image-mask\">\n\t\t\t\t\t\t\t\t<span><\/span>\n\t\t\t\t\t\t\t<\/div>\n\n\t\t\t\t\t\t\n\t\t\t\t\t<\/figure>\n\t\t\t\t\n\t\t\t\t\t\t\t\t\t\t\t\t<div class=\"post-date wd-post-date wd-style-with-bg\">\n\t\t\t\t<span class=\"post-date-day\">\n\t\t\t\t\t26\t\t\t\t<\/span>\n\t\t\t\t<span class=\"post-date-month\">\n\t\t\t\t\tvelj\t\t\t\t<\/span>\n\t\t\t<\/div>\n\t\t\t\t\t\t\n\t\t\t<\/header><!-- .entry-header -->\n\n\t\t<div class=\"article-body-container\">\n\t\t\t\n\t\t\t\t\t\t\t\t\t<div class=\"meta-categories-wrapp\"><div class=\"meta-post-categories wd-post-cat wd-style-with-bg\"><a href=\"https:\/\/cadglobal.eu\/hr\/category\/novosti\/\" rel=\"category tag\">Novosti<\/a><\/div><\/div>\n\t\t\t\t\n\t\t\t\t\t\t\t\t\t<h3 class=\"wd-entities-title title post-title\">\n\t\t\t\t\t\t<a href=\"https:\/\/cadglobal.eu\/hr\/novosti\/26-02-2014-microsoft-ukida-podrsku-za-windows-xp-i-office-2003\/\" rel=\"bookmark\">Microsoft ukida podr\u0161ku za Windows XP i Office 2003<\/a>\n\t\t\t\t\t<\/h3>\n\t\t\t\t\n\t\t\t\t\t\t\t\t\t<div class=\"entry-meta wd-entry-meta\">\n\t\t\t\t\t\t\t\t\t<ul class=\"entry-meta-list\">\n\t\t\t\t\t\t\t\t\t<li class=\"modified-date\">\n\t\t\t\t\t\t\t\t<time class=\"updated\" datetime=\"2024-05-13T08:45:46+02:00\">\n\t\t\t13.05.2024.\t\t<\/time>\n\t\t\t\t\t\t\t<\/li>\n\n\t\t\t\t\t\n\t\t\t\t\t\t\t\t\t\t\t<li class=\"meta-author\">\n\t\t\t\t\t\t\t\t\t\t\t\t<span>By<\/span>\n\t\t\n\t\t\t\t\t<img alt='author-avatar' src='https:\/\/secure.gravatar.com\/avatar\/f01d86db7ce2007216528f4548055cbc35396988a164a484a0db264e4cfb132c?s=32&#038;d=mm&#038;r=g' srcset='https:\/\/secure.gravatar.com\/avatar\/f01d86db7ce2007216528f4548055cbc35396988a164a484a0db264e4cfb132c?s=64&#038;d=mm&#038;r=g 2x' class='avatar avatar-32 photo' height='32' width='32' decoding='async'\/>\t\t\n\t\t<a href=\"https:\/\/cadglobal.eu\/hr\/autor\/sara\/\" rel=\"author\">\n\t\t\t<span class=\"vcard author author_name\">\n\t\t\t\t<span class=\"fn\">Sara<\/span>\n\t\t\t<\/span>\n\t\t<\/a>\n\t\t\t\t\t\t\t\t<\/li>\n\t\t\t\t\t\n\t\t\t\t\t\n\t\t\t\t\t\t\t\t\t\t\t\t<\/ul>\n\t\t\t\t\t\t\t<\/div><!-- .entry-meta -->\n\t\t\t\t\t\t\t\t\t\t\t<div class=\"hovered-social-icons wd-tltp wd-tltp-top\">\n\t\t\t\t\t\t\t<div class=\"wd-tooltip-label\">\n\t\t\t\t\t\t\t\t\n\t\t\t<div class=\" wd-social-icons icons-design-default icons-size-small color-scheme-light social-share social-form-circle text-center\">\n\n\t\t\t\t\n\t\t\t\t\t\t\t\t\t<a rel=\"noopener noreferrer nofollow\" href=\"https:\/\/www.facebook.com\/sharer\/sharer.php?u=https:\/\/cadglobal.eu\/hr\/category\/novosti\/\" target=\"_blank\" class=\" wd-social-icon social-facebook\" aria-label=\"Facebook social link\">\n\t\t\t\t\t\t<span class=\"wd-icon\"><\/span>\n\t\t\t\t\t\t\t\t\t\t\t<\/a>\n\t\t\t\t\n\t\t\t\t\t\t\t\t\t<a rel=\"noopener noreferrer nofollow\" href=\"https:\/\/x.com\/share?url=https:\/\/cadglobal.eu\/hr\/category\/novosti\/\" target=\"_blank\" class=\" wd-social-icon social-twitter\" aria-label=\"X social link\">\n\t\t\t\t\t\t<span class=\"wd-icon\"><\/span>\n\t\t\t\t\t\t\t\t\t\t\t<\/a>\n\t\t\t\t\n\t\t\t\t\t\t\t\t\t<a rel=\"noopener noreferrer nofollow\" href=\"mailto:?subject=Check%20this%20https:\/\/cadglobal.eu\/hr\/category\/novosti\/\" target=\"_blank\" class=\" wd-social-icon social-email\" aria-label=\"Email social link\">\n\t\t\t\t\t\t<span class=\"wd-icon\"><\/span>\n\t\t\t\t\t\t\t\t\t\t\t<\/a>\n\t\t\t\t\n\t\t\t\t\n\t\t\t\t\n\t\t\t\t\n\t\t\t\t\n\t\t\t\t\n\t\t\t\t\n\t\t\t\t\n\t\t\t\t\n\t\t\t\t\n\t\t\t\t\n\t\t\t\t\n\t\t\t\t\n\t\t\t\t\n\t\t\t\t\n\t\t\t\t\t\t\t\t\n\t\t\t\t\t\t\t\t\n\t\t\t\t\n\t\t\t\t\n\t\t\t\t\t\t\t\t\t<a rel=\"noopener noreferrer nofollow\" href=\"https:\/\/telegram.me\/share\/url?url=https:\/\/cadglobal.eu\/hr\/category\/novosti\/\" target=\"_blank\" class=\" wd-social-icon social-tg\" aria-label=\"Telegram social link\">\n\t\t\t\t\t\t<span class=\"wd-icon\"><\/span>\n\t\t\t\t\t\t\t\t\t\t\t<\/a>\n\t\t\t\t\t\t\t\t\n\t\t\t\t\n\t\t\t<\/div>\n\n\t\t\t\t\t\t\t\t\t<\/div>\n\t\t\t\t\t\t<\/div>\n\t\t\t\t\t\t\t\t\t\t\t\t\n\t\t\t\t\t\t\t\n\t\t\t\t                    <div class=\"entry-content wd-entry-content\">\n\t\t\t\t\t\t<p>26.02.2014. Microsoft ukida podr\u0161ku za Windows XP i Office 2003. Biti \u0107e potrebno prije\u0107i na novije verzije<\/p>\n\n\t\t\t\t\t\t\t\t\t\t\t<\/div><!-- .entry-content -->\n\t\t\t\t\n\t\t\t\t\t\t\t\t\t\t\t\t\t\t<p class=\"read-more-section\">\n\t\t\t\t\t\t<a class=\"btn-read-more more-link\" href=\"https:\/\/cadglobal.eu\/hr\/novosti\/26-02-2014-microsoft-ukida-podrsku-za-windows-xp-i-office-2003\/\">Pro\u010ditaj vi\u0161e<\/a>\t\t\t\t\t<\/p>\n\t\t\t\t\t\t\t\t\t\t\t\n\t\t\t\n\t\t\t\t\t<\/div>\n\t<\/div>\n<\/article><!-- #post -->\n\n\n\t\t\t\t\t\t\t\t\t\t\t\n<article id=\"post-3143\" class=\"wd-post blog-design-masonry blog-post-loop blog-style-bg wd-add-shadow wd-col post-3143 post type-post status-publish format-standard has-post-thumbnail hentry category-novosti\">\n\t<div class=\"article-inner\">\n\t\t\t\t\t<header class=\"entry-header\">\n\t\t\t\t\t\t\t\t\t<figure id=\"carousel-581\" class=\"entry-thumbnail\">\n\t\t\t\t\t\t\n\t\t\t\t\t\t\t<div class=\"post-img-wrapp\">\n\t\t\t\t\t\t\t\t<a href=\"https:\/\/cadglobal.eu\/hr\/novosti\/novi-progecad-2d-3d-2014-professional\/\">\n\t\t\t\t\t\t\t\t\t<img width=\"1\" height=\"1\" src=\"https:\/\/cadglobal.eu\/wp-content\/uploads\/2024\/04\/Progecad2014_banner_m_Velika.jpg\" class=\"attachment-large size-large\" alt=\"Novi ProgeCAD 2D\/3D 2014 Professional\" decoding=\"async\" \/>\t\t\t\t\t\t\t\t<\/a>\n\t\t\t\t\t\t\t<\/div>\n\t\t\t\t\t\t\t<div class=\"post-image-mask\">\n\t\t\t\t\t\t\t\t<span><\/span>\n\t\t\t\t\t\t\t<\/div>\n\n\t\t\t\t\t\t\n\t\t\t\t\t<\/figure>\n\t\t\t\t\n\t\t\t\t\t\t\t\t\t\t\t\t<div class=\"post-date wd-post-date wd-style-with-bg\">\n\t\t\t\t<span class=\"post-date-day\">\n\t\t\t\t\t11\t\t\t\t<\/span>\n\t\t\t\t<span class=\"post-date-month\">\n\t\t\t\t\tvelj\t\t\t\t<\/span>\n\t\t\t<\/div>\n\t\t\t\t\t\t\n\t\t\t<\/header><!-- .entry-header -->\n\n\t\t<div class=\"article-body-container\">\n\t\t\t\n\t\t\t\t\t\t\t\t\t<div class=\"meta-categories-wrapp\"><div class=\"meta-post-categories wd-post-cat wd-style-with-bg\"><a href=\"https:\/\/cadglobal.eu\/hr\/category\/novosti\/\" rel=\"category tag\">Novosti<\/a><\/div><\/div>\n\t\t\t\t\n\t\t\t\t\t\t\t\t\t<h3 class=\"wd-entities-title title post-title\">\n\t\t\t\t\t\t<a href=\"https:\/\/cadglobal.eu\/hr\/novosti\/novi-progecad-2d-3d-2014-professional\/\" rel=\"bookmark\">Novi ProgeCAD 2D\/3D 2014 Professional<\/a>\n\t\t\t\t\t<\/h3>\n\t\t\t\t\n\t\t\t\t\t\t\t\t\t<div class=\"entry-meta wd-entry-meta\">\n\t\t\t\t\t\t\t\t\t<ul class=\"entry-meta-list\">\n\t\t\t\t\t\t\t\t\t<li class=\"modified-date\">\n\t\t\t\t\t\t\t\t<time class=\"updated\" datetime=\"2024-05-13T08:46:00+02:00\">\n\t\t\t13.05.2024.\t\t<\/time>\n\t\t\t\t\t\t\t<\/li>\n\n\t\t\t\t\t\n\t\t\t\t\t\t\t\t\t\t\t<li class=\"meta-author\">\n\t\t\t\t\t\t\t\t\t\t\t\t<span>By<\/span>\n\t\t\n\t\t\t\t\t<img alt='author-avatar' src='https:\/\/secure.gravatar.com\/avatar\/f01d86db7ce2007216528f4548055cbc35396988a164a484a0db264e4cfb132c?s=32&#038;d=mm&#038;r=g' srcset='https:\/\/secure.gravatar.com\/avatar\/f01d86db7ce2007216528f4548055cbc35396988a164a484a0db264e4cfb132c?s=64&#038;d=mm&#038;r=g 2x' class='avatar avatar-32 photo' height='32' width='32' decoding='async'\/>\t\t\n\t\t<a href=\"https:\/\/cadglobal.eu\/hr\/autor\/sara\/\" rel=\"author\">\n\t\t\t<span class=\"vcard author author_name\">\n\t\t\t\t<span class=\"fn\">Sara<\/span>\n\t\t\t<\/span>\n\t\t<\/a>\n\t\t\t\t\t\t\t\t<\/li>\n\t\t\t\t\t\n\t\t\t\t\t\n\t\t\t\t\t\t\t\t\t\t\t\t<\/ul>\n\t\t\t\t\t\t\t<\/div><!-- .entry-meta -->\n\t\t\t\t\t\t\t\t\t\t\t<div class=\"hovered-social-icons wd-tltp wd-tltp-top\">\n\t\t\t\t\t\t\t<div class=\"wd-tooltip-label\">\n\t\t\t\t\t\t\t\t\n\t\t\t<div class=\" wd-social-icons icons-design-default icons-size-small color-scheme-light social-share social-form-circle text-center\">\n\n\t\t\t\t\n\t\t\t\t\t\t\t\t\t<a rel=\"noopener noreferrer nofollow\" href=\"https:\/\/www.facebook.com\/sharer\/sharer.php?u=https:\/\/cadglobal.eu\/hr\/category\/novosti\/\" target=\"_blank\" class=\" wd-social-icon social-facebook\" aria-label=\"Facebook social link\">\n\t\t\t\t\t\t<span class=\"wd-icon\"><\/span>\n\t\t\t\t\t\t\t\t\t\t\t<\/a>\n\t\t\t\t\n\t\t\t\t\t\t\t\t\t<a rel=\"noopener noreferrer nofollow\" href=\"https:\/\/x.com\/share?url=https:\/\/cadglobal.eu\/hr\/category\/novosti\/\" target=\"_blank\" class=\" wd-social-icon social-twitter\" aria-label=\"X social link\">\n\t\t\t\t\t\t<span class=\"wd-icon\"><\/span>\n\t\t\t\t\t\t\t\t\t\t\t<\/a>\n\t\t\t\t\n\t\t\t\t\t\t\t\t\t<a rel=\"noopener noreferrer nofollow\" href=\"mailto:?subject=Check%20this%20https:\/\/cadglobal.eu\/hr\/category\/novosti\/\" target=\"_blank\" class=\" wd-social-icon social-email\" aria-label=\"Email social link\">\n\t\t\t\t\t\t<span class=\"wd-icon\"><\/span>\n\t\t\t\t\t\t\t\t\t\t\t<\/a>\n\t\t\t\t\n\t\t\t\t\n\t\t\t\t\n\t\t\t\t\n\t\t\t\t\n\t\t\t\t\n\t\t\t\t\n\t\t\t\t\n\t\t\t\t\n\t\t\t\t\n\t\t\t\t\n\t\t\t\t\n\t\t\t\t\n\t\t\t\t\n\t\t\t\t\n\t\t\t\t\t\t\t\t\n\t\t\t\t\t\t\t\t\n\t\t\t\t\n\t\t\t\t\n\t\t\t\t\t\t\t\t\t<a rel=\"noopener noreferrer nofollow\" href=\"https:\/\/telegram.me\/share\/url?url=https:\/\/cadglobal.eu\/hr\/category\/novosti\/\" target=\"_blank\" class=\" wd-social-icon social-tg\" aria-label=\"Telegram social link\">\n\t\t\t\t\t\t<span class=\"wd-icon\"><\/span>\n\t\t\t\t\t\t\t\t\t\t\t<\/a>\n\t\t\t\t\t\t\t\t\n\t\t\t\t\n\t\t\t<\/div>\n\n\t\t\t\t\t\t\t\t\t<\/div>\n\t\t\t\t\t\t<\/div>\n\t\t\t\t\t\t\t\t\t\t\t\t\n\t\t\t\t\t\t\t\n\t\t\t\t                    <div class=\"entry-content wd-entry-content\">\n\t\t\t\t\t\t<p>11.02.2014. Iza\u0161ao je novi ProgeCAD 2D\/3D 2014 Professional. Nova, br\u017ea i u svim pogledima bolja verzija najisplativijeg CAD rje\u0161enja<\/p>\n\n\t\t\t\t\t\t\t\t\t\t\t<\/div><!-- .entry-content -->\n\t\t\t\t\n\t\t\t\t\t\t\t\t\t\t\t\t\t\t<p class=\"read-more-section\">\n\t\t\t\t\t\t<a class=\"btn-read-more more-link\" href=\"https:\/\/cadglobal.eu\/hr\/novosti\/novi-progecad-2d-3d-2014-professional\/\">Pro\u010ditaj vi\u0161e<\/a>\t\t\t\t\t<\/p>\n\t\t\t\t\t\t\t\t\t\t\t\n\t\t\t\n\t\t\t\t\t<\/div>\n\t<\/div>\n<\/article><!-- #post -->\n\n\n\t\t\t\t\t\t\t\t\t\t\t\n<article id=\"post-3186\" class=\"wd-post blog-design-masonry blog-post-loop blog-style-bg wd-add-shadow wd-col post-3186 post type-post status-publish format-standard hentry category-novosti\">\n\t<div class=\"article-inner\">\n\t\t\t\t\t<header class=\"entry-header\">\n\t\t\t\t\n\t\t\t\t\t\t\t\t\t\t\t\t<div class=\"post-date wd-post-date wd-style-with-bg\">\n\t\t\t\t<span class=\"post-date-day\">\n\t\t\t\t\t01\t\t\t\t<\/span>\n\t\t\t\t<span class=\"post-date-month\">\n\t\t\t\t\tlis\t\t\t\t<\/span>\n\t\t\t<\/div>\n\t\t\t\t\t\t\n\t\t\t<\/header><!-- .entry-header -->\n\n\t\t<div class=\"article-body-container\">\n\t\t\t\n\t\t\t\t\t\t\t\t\t<div class=\"meta-categories-wrapp\"><div class=\"meta-post-categories wd-post-cat wd-style-with-bg\"><a href=\"https:\/\/cadglobal.eu\/hr\/category\/novosti\/\" rel=\"category tag\">Novosti<\/a><\/div><\/div>\n\t\t\t\t\n\t\t\t\t\t\t\t\t\t<h3 class=\"wd-entities-title title post-title\">\n\t\t\t\t\t\t<a href=\"https:\/\/cadglobal.eu\/hr\/novosti\/progecad-i-autocad-popusti-do-20\/\" rel=\"bookmark\">progeCAD i AutoCAD popusti do 20%<\/a>\n\t\t\t\t\t<\/h3>\n\t\t\t\t\n\t\t\t\t\t\t\t\t\t<div class=\"entry-meta wd-entry-meta\">\n\t\t\t\t\t\t\t\t\t<ul class=\"entry-meta-list\">\n\t\t\t\t\t\t\t\t\t<li class=\"modified-date\">\n\t\t\t\t\t\t\t\t<time class=\"updated\" datetime=\"2024-04-30T09:08:31+02:00\">\n\t\t\t30.04.2024.\t\t<\/time>\n\t\t\t\t\t\t\t<\/li>\n\n\t\t\t\t\t\n\t\t\t\t\t\t\t\t\t\t\t<li class=\"meta-author\">\n\t\t\t\t\t\t\t\t\t\t\t\t<span>By<\/span>\n\t\t\n\t\t\t\t\t<img alt='author-avatar' src='https:\/\/secure.gravatar.com\/avatar\/f01d86db7ce2007216528f4548055cbc35396988a164a484a0db264e4cfb132c?s=32&#038;d=mm&#038;r=g' srcset='https:\/\/secure.gravatar.com\/avatar\/f01d86db7ce2007216528f4548055cbc35396988a164a484a0db264e4cfb132c?s=64&#038;d=mm&#038;r=g 2x' class='avatar avatar-32 photo' height='32' width='32' decoding='async'\/>\t\t\n\t\t<a href=\"https:\/\/cadglobal.eu\/hr\/autor\/sara\/\" rel=\"author\">\n\t\t\t<span class=\"vcard author author_name\">\n\t\t\t\t<span class=\"fn\">Sara<\/span>\n\t\t\t<\/span>\n\t\t<\/a>\n\t\t\t\t\t\t\t\t<\/li>\n\t\t\t\t\t\n\t\t\t\t\t\n\t\t\t\t\t\t\t\t\t\t\t\t<\/ul>\n\t\t\t\t\t\t\t<\/div><!-- .entry-meta -->\n\t\t\t\t\t\t\t\t\t\t\t<div class=\"hovered-social-icons wd-tltp wd-tltp-top\">\n\t\t\t\t\t\t\t<div class=\"wd-tooltip-label\">\n\t\t\t\t\t\t\t\t\n\t\t\t<div class=\" wd-social-icons icons-design-default icons-size-small color-scheme-light social-share social-form-circle text-center\">\n\n\t\t\t\t\n\t\t\t\t\t\t\t\t\t<a rel=\"noopener noreferrer nofollow\" href=\"https:\/\/www.facebook.com\/sharer\/sharer.php?u=https:\/\/cadglobal.eu\/hr\/category\/novosti\/\" target=\"_blank\" class=\" wd-social-icon social-facebook\" aria-label=\"Facebook social link\">\n\t\t\t\t\t\t<span class=\"wd-icon\"><\/span>\n\t\t\t\t\t\t\t\t\t\t\t<\/a>\n\t\t\t\t\n\t\t\t\t\t\t\t\t\t<a rel=\"noopener noreferrer nofollow\" href=\"https:\/\/x.com\/share?url=https:\/\/cadglobal.eu\/hr\/category\/novosti\/\" target=\"_blank\" class=\" wd-social-icon social-twitter\" aria-label=\"X social link\">\n\t\t\t\t\t\t<span class=\"wd-icon\"><\/span>\n\t\t\t\t\t\t\t\t\t\t\t<\/a>\n\t\t\t\t\n\t\t\t\t\t\t\t\t\t<a rel=\"noopener noreferrer nofollow\" href=\"mailto:?subject=Check%20this%20https:\/\/cadglobal.eu\/hr\/category\/novosti\/\" target=\"_blank\" class=\" wd-social-icon social-email\" aria-label=\"Email social link\">\n\t\t\t\t\t\t<span class=\"wd-icon\"><\/span>\n\t\t\t\t\t\t\t\t\t\t\t<\/a>\n\t\t\t\t\n\t\t\t\t\n\t\t\t\t\n\t\t\t\t\n\t\t\t\t\n\t\t\t\t\n\t\t\t\t\n\t\t\t\t\n\t\t\t\t\n\t\t\t\t\n\t\t\t\t\n\t\t\t\t\n\t\t\t\t\n\t\t\t\t\n\t\t\t\t\n\t\t\t\t\t\t\t\t\n\t\t\t\t\t\t\t\t\n\t\t\t\t\n\t\t\t\t\n\t\t\t\t\t\t\t\t\t<a rel=\"noopener noreferrer nofollow\" href=\"https:\/\/telegram.me\/share\/url?url=https:\/\/cadglobal.eu\/hr\/category\/novosti\/\" target=\"_blank\" class=\" wd-social-icon social-tg\" aria-label=\"Telegram social link\">\n\t\t\t\t\t\t<span class=\"wd-icon\"><\/span>\n\t\t\t\t\t\t\t\t\t\t\t<\/a>\n\t\t\t\t\t\t\t\t\n\t\t\t\t\n\t\t\t<\/div>\n\n\t\t\t\t\t\t\t\t\t<\/div>\n\t\t\t\t\t\t<\/div>\n\t\t\t\t\t\t\t\t\t\t\t\t\n\t\t\t\t\t\t\t\n\t\t\t\t                    <div class=\"entry-content wd-entry-content\">\n\t\t\t\t\t\t<p>28.10.2013. Akcijske cijene progeCAD-a i AutoCAD-a. Popusti do 20% kre\u0107u sa 31.10.2013.!<\/p>\n\n\t\t\t\t\t\t\t\t\t\t\t<\/div><!-- .entry-content -->\n\t\t\t\t\n\t\t\t\t\t\t\t\t\t\t\t\t\t\t<p class=\"read-more-section\">\n\t\t\t\t\t\t<a class=\"btn-read-more more-link\" href=\"https:\/\/cadglobal.eu\/hr\/novosti\/progecad-i-autocad-popusti-do-20\/\">Pro\u010ditaj vi\u0161e<\/a>\t\t\t\t\t<\/p>\n\t\t\t\t\t\t\t\t\t\t\t\n\t\t\t\n\t\t\t\t\t<\/div>\n\t<\/div>\n<\/article><!-- #post -->\n\n\n\t\t\t\t\t\t\t\t\t\t\t\n<article id=\"post-3171\" class=\"wd-post blog-design-masonry blog-post-loop blog-style-bg wd-add-shadow wd-col post-3171 post type-post status-publish format-standard has-post-thumbnail hentry category-novosti\">\n\t<div class=\"article-inner\">\n\t\t\t\t\t<header class=\"entry-header\">\n\t\t\t\t\t\t\t\t\t<figure id=\"carousel-268\" class=\"entry-thumbnail\">\n\t\t\t\t\t\t\n\t\t\t\t\t\t\t<div class=\"post-img-wrapp\">\n\t\t\t\t\t\t\t\t<a href=\"https:\/\/cadglobal.eu\/hr\/novosti\/poskupile-cijene-autocad-licenci-i-do-60\/\">\n\t\t\t\t\t\t\t\t\t<img width=\"1\" height=\"1\" src=\"https:\/\/cadglobal.eu\/wp-content\/uploads\/2024\/04\/autocad_lt_2014_Velika.jpg\" class=\"attachment-large size-large\" alt=\"\" decoding=\"async\" \/>\t\t\t\t\t\t\t\t<\/a>\n\t\t\t\t\t\t\t<\/div>\n\t\t\t\t\t\t\t<div class=\"post-image-mask\">\n\t\t\t\t\t\t\t\t<span><\/span>\n\t\t\t\t\t\t\t<\/div>\n\n\t\t\t\t\t\t\n\t\t\t\t\t<\/figure>\n\t\t\t\t\n\t\t\t\t\t\t\t\t\t\t\t\t<div class=\"post-date wd-post-date wd-style-with-bg\">\n\t\t\t\t<span class=\"post-date-day\">\n\t\t\t\t\t01\t\t\t\t<\/span>\n\t\t\t\t<span class=\"post-date-month\">\n\t\t\t\t\tkol\t\t\t\t<\/span>\n\t\t\t<\/div>\n\t\t\t\t\t\t\n\t\t\t<\/header><!-- .entry-header -->\n\n\t\t<div class=\"article-body-container\">\n\t\t\t\n\t\t\t\t\t\t\t\t\t<div class=\"meta-categories-wrapp\"><div class=\"meta-post-categories wd-post-cat wd-style-with-bg\"><a href=\"https:\/\/cadglobal.eu\/hr\/category\/novosti\/\" rel=\"category tag\">Novosti<\/a><\/div><\/div>\n\t\t\t\t\n\t\t\t\t\t\t\t\t\t<h3 class=\"wd-entities-title title post-title\">\n\t\t\t\t\t\t<a href=\"https:\/\/cadglobal.eu\/hr\/novosti\/poskupile-cijene-autocad-licenci-i-do-60\/\" rel=\"bookmark\">Poskupile cijene AutoCAD licenci i do 60%<\/a>\n\t\t\t\t\t<\/h3>\n\t\t\t\t\n\t\t\t\t\t\t\t\t\t<div class=\"entry-meta wd-entry-meta\">\n\t\t\t\t\t\t\t\t\t<ul class=\"entry-meta-list\">\n\t\t\t\t\t\t\t\t\t<li class=\"modified-date\">\n\t\t\t\t\t\t\t\t<time class=\"updated\" datetime=\"2024-05-13T08:46:36+02:00\">\n\t\t\t13.05.2024.\t\t<\/time>\n\t\t\t\t\t\t\t<\/li>\n\n\t\t\t\t\t\n\t\t\t\t\t\t\t\t\t\t\t<li class=\"meta-author\">\n\t\t\t\t\t\t\t\t\t\t\t\t<span>By<\/span>\n\t\t\n\t\t\t\t\t<img alt='author-avatar' src='https:\/\/secure.gravatar.com\/avatar\/f01d86db7ce2007216528f4548055cbc35396988a164a484a0db264e4cfb132c?s=32&#038;d=mm&#038;r=g' srcset='https:\/\/secure.gravatar.com\/avatar\/f01d86db7ce2007216528f4548055cbc35396988a164a484a0db264e4cfb132c?s=64&#038;d=mm&#038;r=g 2x' class='avatar avatar-32 photo' height='32' width='32' decoding='async'\/>\t\t\n\t\t<a href=\"https:\/\/cadglobal.eu\/hr\/autor\/sara\/\" rel=\"author\">\n\t\t\t<span class=\"vcard author author_name\">\n\t\t\t\t<span class=\"fn\">Sara<\/span>\n\t\t\t<\/span>\n\t\t<\/a>\n\t\t\t\t\t\t\t\t<\/li>\n\t\t\t\t\t\n\t\t\t\t\t\n\t\t\t\t\t\t\t\t\t\t\t\t<\/ul>\n\t\t\t\t\t\t\t<\/div><!-- .entry-meta -->\n\t\t\t\t\t\t\t\t\t\t\t<div class=\"hovered-social-icons wd-tltp wd-tltp-top\">\n\t\t\t\t\t\t\t<div class=\"wd-tooltip-label\">\n\t\t\t\t\t\t\t\t\n\t\t\t<div class=\" wd-social-icons icons-design-default icons-size-small color-scheme-light social-share social-form-circle text-center\">\n\n\t\t\t\t\n\t\t\t\t\t\t\t\t\t<a rel=\"noopener noreferrer nofollow\" href=\"https:\/\/www.facebook.com\/sharer\/sharer.php?u=https:\/\/cadglobal.eu\/hr\/category\/novosti\/\" target=\"_blank\" class=\" wd-social-icon social-facebook\" aria-label=\"Facebook social link\">\n\t\t\t\t\t\t<span class=\"wd-icon\"><\/span>\n\t\t\t\t\t\t\t\t\t\t\t<\/a>\n\t\t\t\t\n\t\t\t\t\t\t\t\t\t<a rel=\"noopener noreferrer nofollow\" href=\"https:\/\/x.com\/share?url=https:\/\/cadglobal.eu\/hr\/category\/novosti\/\" target=\"_blank\" class=\" wd-social-icon social-twitter\" aria-label=\"X social link\">\n\t\t\t\t\t\t<span class=\"wd-icon\"><\/span>\n\t\t\t\t\t\t\t\t\t\t\t<\/a>\n\t\t\t\t\n\t\t\t\t\t\t\t\t\t<a rel=\"noopener noreferrer nofollow\" href=\"mailto:?subject=Check%20this%20https:\/\/cadglobal.eu\/hr\/category\/novosti\/\" target=\"_blank\" class=\" wd-social-icon social-email\" aria-label=\"Email social link\">\n\t\t\t\t\t\t<span class=\"wd-icon\"><\/span>\n\t\t\t\t\t\t\t\t\t\t\t<\/a>\n\t\t\t\t\n\t\t\t\t\n\t\t\t\t\n\t\t\t\t\n\t\t\t\t\n\t\t\t\t\n\t\t\t\t\n\t\t\t\t\n\t\t\t\t\n\t\t\t\t\n\t\t\t\t\n\t\t\t\t\n\t\t\t\t\n\t\t\t\t\n\t\t\t\t\n\t\t\t\t\t\t\t\t\n\t\t\t\t\t\t\t\t\n\t\t\t\t\n\t\t\t\t\n\t\t\t\t\t\t\t\t\t<a rel=\"noopener noreferrer nofollow\" href=\"https:\/\/telegram.me\/share\/url?url=https:\/\/cadglobal.eu\/hr\/category\/novosti\/\" target=\"_blank\" class=\" wd-social-icon social-tg\" aria-label=\"Telegram social link\">\n\t\t\t\t\t\t<span class=\"wd-icon\"><\/span>\n\t\t\t\t\t\t\t\t\t\t\t<\/a>\n\t\t\t\t\t\t\t\t\n\t\t\t\t\n\t\t\t<\/div>\n\n\t\t\t\t\t\t\t\t\t<\/div>\n\t\t\t\t\t\t<\/div>\n\t\t\t\t\t\t\t\t\t\t\t\t\n\t\t\t\t\t\t\t\n\t\t\t\t                    <div class=\"entry-content wd-entry-content\">\n\t\t\t\t\t\t<p>01.08.2013. Cijene AutoCAD licenci poskupile i do 60%.<\/p>\n\n\t\t\t\t\t\t\t\t\t\t\t<\/div><!-- .entry-content -->\n\t\t\t\t\n\t\t\t\t\t\t\t\t\t\t\t\t\t\t<p class=\"read-more-section\">\n\t\t\t\t\t\t<a class=\"btn-read-more more-link\" href=\"https:\/\/cadglobal.eu\/hr\/novosti\/poskupile-cijene-autocad-licenci-i-do-60\/\">Pro\u010ditaj vi\u0161e<\/a>\t\t\t\t\t<\/p>\n\t\t\t\t\t\t\t\t\t\t\t\n\t\t\t\n\t\t\t\t\t<\/div>\n\t<\/div>\n<\/article><!-- #post -->\n\n\n\t\t\t\t\t\t\t\t\t\t\t\n<article id=\"post-3136\" class=\"wd-post blog-design-masonry blog-post-loop blog-style-bg wd-add-shadow wd-col post-3136 post type-post status-publish format-standard has-post-thumbnail hentry category-novosti\">\n\t<div class=\"article-inner\">\n\t\t\t\t\t<header class=\"entry-header\">\n\t\t\t\t\t\t\t\t\t<figure id=\"carousel-705\" class=\"entry-thumbnail\">\n\t\t\t\t\t\t\n\t\t\t\t\t\t\t<div class=\"post-img-wrapp\">\n\t\t\t\t\t\t\t\t<a href=\"https:\/\/cadglobal.eu\/hr\/novosti\/novi-autocad-2014-i-autocad-lt-2014-za-windowse-u-prodaji\/\">\n\t\t\t\t\t\t\t\t\t<img width=\"1\" height=\"1\" src=\"https:\/\/cadglobal.eu\/wp-content\/uploads\/2024\/04\/AutoCAD_2014_Velika.jpg\" class=\"attachment-large size-large\" alt=\"\" decoding=\"async\" \/>\t\t\t\t\t\t\t\t<\/a>\n\t\t\t\t\t\t\t<\/div>\n\t\t\t\t\t\t\t<div class=\"post-image-mask\">\n\t\t\t\t\t\t\t\t<span><\/span>\n\t\t\t\t\t\t\t<\/div>\n\n\t\t\t\t\t\t\n\t\t\t\t\t<\/figure>\n\t\t\t\t\n\t\t\t\t\t\t\t\t\t\t\t\t<div class=\"post-date wd-post-date wd-style-with-bg\">\n\t\t\t\t<span class=\"post-date-day\">\n\t\t\t\t\t04\t\t\t\t<\/span>\n\t\t\t\t<span class=\"post-date-month\">\n\t\t\t\t\ttra\t\t\t\t<\/span>\n\t\t\t<\/div>\n\t\t\t\t\t\t\n\t\t\t<\/header><!-- .entry-header -->\n\n\t\t<div class=\"article-body-container\">\n\t\t\t\n\t\t\t\t\t\t\t\t\t<div class=\"meta-categories-wrapp\"><div class=\"meta-post-categories wd-post-cat wd-style-with-bg\"><a href=\"https:\/\/cadglobal.eu\/hr\/category\/novosti\/\" rel=\"category tag\">Novosti<\/a><\/div><\/div>\n\t\t\t\t\n\t\t\t\t\t\t\t\t\t<h3 class=\"wd-entities-title title post-title\">\n\t\t\t\t\t\t<a href=\"https:\/\/cadglobal.eu\/hr\/novosti\/novi-autocad-2014-i-autocad-lt-2014-za-windowse-u-prodaji\/\" rel=\"bookmark\">Novi AutoCAD 2014 i AutoCAD LT 2014 za Windowse u prodaji<\/a>\n\t\t\t\t\t<\/h3>\n\t\t\t\t\n\t\t\t\t\t\t\t\t\t<div class=\"entry-meta wd-entry-meta\">\n\t\t\t\t\t\t\t\t\t<ul class=\"entry-meta-list\">\n\t\t\t\t\t\t\t\t\t<li class=\"modified-date\">\n\t\t\t\t\t\t\t\t<time class=\"updated\" datetime=\"2024-05-10T12:22:18+02:00\">\n\t\t\t10.05.2024.\t\t<\/time>\n\t\t\t\t\t\t\t<\/li>\n\n\t\t\t\t\t\n\t\t\t\t\t\t\t\t\t\t\t<li class=\"meta-author\">\n\t\t\t\t\t\t\t\t\t\t\t\t<span>By<\/span>\n\t\t\n\t\t\t\t\t<img alt='author-avatar' src='https:\/\/secure.gravatar.com\/avatar\/f01d86db7ce2007216528f4548055cbc35396988a164a484a0db264e4cfb132c?s=32&#038;d=mm&#038;r=g' srcset='https:\/\/secure.gravatar.com\/avatar\/f01d86db7ce2007216528f4548055cbc35396988a164a484a0db264e4cfb132c?s=64&#038;d=mm&#038;r=g 2x' class='avatar avatar-32 photo' height='32' width='32' decoding='async'\/>\t\t\n\t\t<a href=\"https:\/\/cadglobal.eu\/hr\/autor\/sara\/\" rel=\"author\">\n\t\t\t<span class=\"vcard author author_name\">\n\t\t\t\t<span class=\"fn\">Sara<\/span>\n\t\t\t<\/span>\n\t\t<\/a>\n\t\t\t\t\t\t\t\t<\/li>\n\t\t\t\t\t\n\t\t\t\t\t\n\t\t\t\t\t\t\t\t\t\t\t\t<\/ul>\n\t\t\t\t\t\t\t<\/div><!-- .entry-meta -->\n\t\t\t\t\t\t\t\t\t\t\t<div class=\"hovered-social-icons wd-tltp wd-tltp-top\">\n\t\t\t\t\t\t\t<div class=\"wd-tooltip-label\">\n\t\t\t\t\t\t\t\t\n\t\t\t<div class=\" wd-social-icons icons-design-default icons-size-small color-scheme-light social-share social-form-circle text-center\">\n\n\t\t\t\t\n\t\t\t\t\t\t\t\t\t<a rel=\"noopener noreferrer nofollow\" href=\"https:\/\/www.facebook.com\/sharer\/sharer.php?u=https:\/\/cadglobal.eu\/hr\/category\/novosti\/\" target=\"_blank\" class=\" wd-social-icon social-facebook\" aria-label=\"Facebook social link\">\n\t\t\t\t\t\t<span class=\"wd-icon\"><\/span>\n\t\t\t\t\t\t\t\t\t\t\t<\/a>\n\t\t\t\t\n\t\t\t\t\t\t\t\t\t<a rel=\"noopener noreferrer nofollow\" href=\"https:\/\/x.com\/share?url=https:\/\/cadglobal.eu\/hr\/category\/novosti\/\" target=\"_blank\" class=\" wd-social-icon social-twitter\" aria-label=\"X social link\">\n\t\t\t\t\t\t<span class=\"wd-icon\"><\/span>\n\t\t\t\t\t\t\t\t\t\t\t<\/a>\n\t\t\t\t\n\t\t\t\t\t\t\t\t\t<a rel=\"noopener noreferrer nofollow\" href=\"mailto:?subject=Check%20this%20https:\/\/cadglobal.eu\/hr\/category\/novosti\/\" target=\"_blank\" class=\" wd-social-icon social-email\" aria-label=\"Email social link\">\n\t\t\t\t\t\t<span class=\"wd-icon\"><\/span>\n\t\t\t\t\t\t\t\t\t\t\t<\/a>\n\t\t\t\t\n\t\t\t\t\n\t\t\t\t\n\t\t\t\t\n\t\t\t\t\n\t\t\t\t\n\t\t\t\t\n\t\t\t\t\n\t\t\t\t\n\t\t\t\t\n\t\t\t\t\n\t\t\t\t\n\t\t\t\t\n\t\t\t\t\n\t\t\t\t\n\t\t\t\t\t\t\t\t\n\t\t\t\t\t\t\t\t\n\t\t\t\t\n\t\t\t\t\n\t\t\t\t\t\t\t\t\t<a rel=\"noopener noreferrer nofollow\" href=\"https:\/\/telegram.me\/share\/url?url=https:\/\/cadglobal.eu\/hr\/category\/novosti\/\" target=\"_blank\" class=\" wd-social-icon social-tg\" aria-label=\"Telegram social link\">\n\t\t\t\t\t\t<span class=\"wd-icon\"><\/span>\n\t\t\t\t\t\t\t\t\t\t\t<\/a>\n\t\t\t\t\t\t\t\t\n\t\t\t\t\n\t\t\t<\/div>\n\n\t\t\t\t\t\t\t\t\t<\/div>\n\t\t\t\t\t\t<\/div>\n\t\t\t\t\t\t\t\t\t\t\t\t\n\t\t\t\t\t\t\t\n\t\t\t\t                    <div class=\"entry-content wd-entry-content\">\n\t\t\t\t\t\t<p>04.04.2013. Novi AutoCAD 2014 i AutoCAD LT 2014 za Windowse u prodaji<\/p>\n\n\t\t\t\t\t\t\t\t\t\t\t<\/div><!-- .entry-content -->\n\t\t\t\t\n\t\t\t\t\t\t\t\t\t\t\t\t\t\t<p class=\"read-more-section\">\n\t\t\t\t\t\t<a class=\"btn-read-more more-link\" href=\"https:\/\/cadglobal.eu\/hr\/novosti\/novi-autocad-2014-i-autocad-lt-2014-za-windowse-u-prodaji\/\">Pro\u010ditaj vi\u0161e<\/a>\t\t\t\t\t<\/p>\n\t\t\t\t\t\t\t\t\t\t\t\n\t\t\t\n\t\t\t\t\t<\/div>\n\t<\/div>\n<\/article><!-- #post -->\n\n\n\t\t\t\t\t\t\t\t\t\t\t\n<article id=\"post-3203\" class=\"wd-post blog-design-masonry blog-post-loop blog-style-bg wd-add-shadow wd-col post-3203 post type-post status-publish format-standard hentry category-novosti\">\n\t<div class=\"article-inner\">\n\t\t\t\t\t<header class=\"entry-header\">\n\t\t\t\t\n\t\t\t\t\t\t\t\t\t\t\t\t<div class=\"post-date wd-post-date wd-style-with-bg\">\n\t\t\t\t<span class=\"post-date-day\">\n\t\t\t\t\t02\t\t\t\t<\/span>\n\t\t\t\t<span class=\"post-date-month\">\n\t\t\t\t\ttra\t\t\t\t<\/span>\n\t\t\t<\/div>\n\t\t\t\t\t\t\n\t\t\t<\/header><!-- .entry-header -->\n\n\t\t<div class=\"article-body-container\">\n\t\t\t\n\t\t\t\t\t\t\t\t\t<div class=\"meta-categories-wrapp\"><div class=\"meta-post-categories wd-post-cat wd-style-with-bg\"><a href=\"https:\/\/cadglobal.eu\/hr\/category\/novosti\/\" rel=\"category tag\">Novosti<\/a><\/div><\/div>\n\t\t\t\t\n\t\t\t\t\t\t\t\t\t<h3 class=\"wd-entities-title title post-title\">\n\t\t\t\t\t\t<a href=\"https:\/\/cadglobal.eu\/hr\/novosti\/produljen-popust-na-progecad-2013-do-kraja-godine\/\" rel=\"bookmark\">Produljen popust na progeCAD 2013 do kraja godine<\/a>\n\t\t\t\t\t<\/h3>\n\t\t\t\t\n\t\t\t\t\t\t\t\t\t<div class=\"entry-meta wd-entry-meta\">\n\t\t\t\t\t\t\t\t\t<ul class=\"entry-meta-list\">\n\t\t\t\t\t\t\t\t\t<li class=\"modified-date\">\n\t\t\t\t\t\t\t\t<time class=\"updated\" datetime=\"2024-04-30T09:10:06+02:00\">\n\t\t\t30.04.2024.\t\t<\/time>\n\t\t\t\t\t\t\t<\/li>\n\n\t\t\t\t\t\n\t\t\t\t\t\t\t\t\t\t\t<li class=\"meta-author\">\n\t\t\t\t\t\t\t\t\t\t\t\t<span>By<\/span>\n\t\t\n\t\t\t\t\t<img alt='author-avatar' src='https:\/\/secure.gravatar.com\/avatar\/f01d86db7ce2007216528f4548055cbc35396988a164a484a0db264e4cfb132c?s=32&#038;d=mm&#038;r=g' srcset='https:\/\/secure.gravatar.com\/avatar\/f01d86db7ce2007216528f4548055cbc35396988a164a484a0db264e4cfb132c?s=64&#038;d=mm&#038;r=g 2x' class='avatar avatar-32 photo' height='32' width='32' decoding='async'\/>\t\t\n\t\t<a href=\"https:\/\/cadglobal.eu\/hr\/autor\/sara\/\" rel=\"author\">\n\t\t\t<span class=\"vcard author author_name\">\n\t\t\t\t<span class=\"fn\">Sara<\/span>\n\t\t\t<\/span>\n\t\t<\/a>\n\t\t\t\t\t\t\t\t<\/li>\n\t\t\t\t\t\n\t\t\t\t\t\n\t\t\t\t\t\t\t\t\t\t\t\t<\/ul>\n\t\t\t\t\t\t\t<\/div><!-- .entry-meta -->\n\t\t\t\t\t\t\t\t\t\t\t<div class=\"hovered-social-icons wd-tltp wd-tltp-top\">\n\t\t\t\t\t\t\t<div class=\"wd-tooltip-label\">\n\t\t\t\t\t\t\t\t\n\t\t\t<div class=\" wd-social-icons icons-design-default icons-size-small color-scheme-light social-share social-form-circle text-center\">\n\n\t\t\t\t\n\t\t\t\t\t\t\t\t\t<a rel=\"noopener noreferrer nofollow\" href=\"https:\/\/www.facebook.com\/sharer\/sharer.php?u=https:\/\/cadglobal.eu\/hr\/category\/novosti\/\" target=\"_blank\" class=\" wd-social-icon social-facebook\" aria-label=\"Facebook social link\">\n\t\t\t\t\t\t<span class=\"wd-icon\"><\/span>\n\t\t\t\t\t\t\t\t\t\t\t<\/a>\n\t\t\t\t\n\t\t\t\t\t\t\t\t\t<a rel=\"noopener noreferrer nofollow\" href=\"https:\/\/x.com\/share?url=https:\/\/cadglobal.eu\/hr\/category\/novosti\/\" target=\"_blank\" class=\" wd-social-icon social-twitter\" aria-label=\"X social link\">\n\t\t\t\t\t\t<span class=\"wd-icon\"><\/span>\n\t\t\t\t\t\t\t\t\t\t\t<\/a>\n\t\t\t\t\n\t\t\t\t\t\t\t\t\t<a rel=\"noopener noreferrer nofollow\" href=\"mailto:?subject=Check%20this%20https:\/\/cadglobal.eu\/hr\/category\/novosti\/\" target=\"_blank\" class=\" wd-social-icon social-email\" aria-label=\"Email social link\">\n\t\t\t\t\t\t<span class=\"wd-icon\"><\/span>\n\t\t\t\t\t\t\t\t\t\t\t<\/a>\n\t\t\t\t\n\t\t\t\t\n\t\t\t\t\n\t\t\t\t\n\t\t\t\t\n\t\t\t\t\n\t\t\t\t\n\t\t\t\t\n\t\t\t\t\n\t\t\t\t\n\t\t\t\t\n\t\t\t\t\n\t\t\t\t\n\t\t\t\t\n\t\t\t\t\n\t\t\t\t\t\t\t\t\n\t\t\t\t\t\t\t\t\n\t\t\t\t\n\t\t\t\t\n\t\t\t\t\t\t\t\t\t<a rel=\"noopener noreferrer nofollow\" href=\"https:\/\/telegram.me\/share\/url?url=https:\/\/cadglobal.eu\/hr\/category\/novosti\/\" target=\"_blank\" class=\" wd-social-icon social-tg\" aria-label=\"Telegram social link\">\n\t\t\t\t\t\t<span class=\"wd-icon\"><\/span>\n\t\t\t\t\t\t\t\t\t\t\t<\/a>\n\t\t\t\t\t\t\t\t\n\t\t\t\t\n\t\t\t<\/div>\n\n\t\t\t\t\t\t\t\t\t<\/div>\n\t\t\t\t\t\t<\/div>\n\t\t\t\t\t\t\t\t\t\t\t\t\n\t\t\t\t\t\t\t\n\t\t\t\t                    <div class=\"entry-content wd-entry-content\">\n\t\t\t\t\t\t<p>13.12.2013. Do Nove godine iskoristite posebnu priliku za kupnju najpovoljnije AutoCAD alternative &#8211; progeCAD 2013 Professional<\/p>\n\n\t\t\t\t\t\t\t\t\t\t\t<\/div><!-- .entry-content -->\n\t\t\t\t\n\t\t\t\t\t\t\t\t\t\t\t\t\t\t<p class=\"read-more-section\">\n\t\t\t\t\t\t<a class=\"btn-read-more more-link\" href=\"https:\/\/cadglobal.eu\/hr\/novosti\/produljen-popust-na-progecad-2013-do-kraja-godine\/\">Pro\u010ditaj vi\u0161e<\/a>\t\t\t\t\t<\/p>\n\t\t\t\t\t\t\t\t\t\t\t\n\t\t\t\n\t\t\t\t\t<\/div>\n\t<\/div>\n<\/article><!-- #post -->\n\n\n\t\t\t\t\t\t\t\t\t\t\t\n<article id=\"post-3169\" class=\"wd-post blog-design-masonry blog-post-loop blog-style-bg wd-add-shadow wd-col post-3169 post type-post status-publish format-standard hentry category-novosti\">\n\t<div class=\"article-inner\">\n\t\t\t\t\t<header class=\"entry-header\">\n\t\t\t\t\n\t\t\t\t\t\t\t\t\t\t\t\t<div class=\"post-date wd-post-date wd-style-with-bg\">\n\t\t\t\t<span class=\"post-date-day\">\n\t\t\t\t\t02\t\t\t\t<\/span>\n\t\t\t\t<span class=\"post-date-month\">\n\t\t\t\t\ttra\t\t\t\t<\/span>\n\t\t\t<\/div>\n\t\t\t\t\t\t\n\t\t\t<\/header><!-- .entry-header -->\n\n\t\t<div class=\"article-body-container\">\n\t\t\t\n\t\t\t\t\t\t\t\t\t<div class=\"meta-categories-wrapp\"><div class=\"meta-post-categories wd-post-cat wd-style-with-bg\"><a href=\"https:\/\/cadglobal.eu\/hr\/category\/novosti\/\" rel=\"category tag\">Novosti<\/a><\/div><\/div>\n\t\t\t\t\n\t\t\t\t\t\t\t\t\t<h3 class=\"wd-entities-title title post-title\">\n\t\t\t\t\t\t<a href=\"https:\/\/cadglobal.eu\/hr\/novosti\/izasao-je-jos-jedan-update-za-novi-progecad-2013-professional-pogledajte-listu-svih-novosti-i-unapredenja\/\" rel=\"bookmark\">Iza\u0161ao je jo\u0161 jedan update za novi progeCAD 2013 Professional, pogledajte listu svih novosti i unapre\u0111enja<\/a>\n\t\t\t\t\t<\/h3>\n\t\t\t\t\n\t\t\t\t\t\t\t\t\t<div class=\"entry-meta wd-entry-meta\">\n\t\t\t\t\t\t\t\t\t<ul class=\"entry-meta-list\">\n\t\t\t\t\t\t\t\t\t<li class=\"modified-date\">\n\t\t\t\t\t\t\t\t<time class=\"updated\" datetime=\"2024-05-13T08:47:22+02:00\">\n\t\t\t13.05.2024.\t\t<\/time>\n\t\t\t\t\t\t\t<\/li>\n\n\t\t\t\t\t\n\t\t\t\t\t\t\t\t\t\t\t<li class=\"meta-author\">\n\t\t\t\t\t\t\t\t\t\t\t\t<span>By<\/span>\n\t\t\n\t\t\t\t\t<img alt='author-avatar' src='https:\/\/secure.gravatar.com\/avatar\/f01d86db7ce2007216528f4548055cbc35396988a164a484a0db264e4cfb132c?s=32&#038;d=mm&#038;r=g' srcset='https:\/\/secure.gravatar.com\/avatar\/f01d86db7ce2007216528f4548055cbc35396988a164a484a0db264e4cfb132c?s=64&#038;d=mm&#038;r=g 2x' class='avatar avatar-32 photo' height='32' width='32' decoding='async'\/>\t\t\n\t\t<a href=\"https:\/\/cadglobal.eu\/hr\/autor\/sara\/\" rel=\"author\">\n\t\t\t<span class=\"vcard author author_name\">\n\t\t\t\t<span class=\"fn\">Sara<\/span>\n\t\t\t<\/span>\n\t\t<\/a>\n\t\t\t\t\t\t\t\t<\/li>\n\t\t\t\t\t\n\t\t\t\t\t\n\t\t\t\t\t\t\t\t\t\t\t\t<\/ul>\n\t\t\t\t\t\t\t<\/div><!-- .entry-meta -->\n\t\t\t\t\t\t\t\t\t\t\t<div class=\"hovered-social-icons wd-tltp wd-tltp-top\">\n\t\t\t\t\t\t\t<div class=\"wd-tooltip-label\">\n\t\t\t\t\t\t\t\t\n\t\t\t<div class=\" wd-social-icons icons-design-default icons-size-small color-scheme-light social-share social-form-circle text-center\">\n\n\t\t\t\t\n\t\t\t\t\t\t\t\t\t<a rel=\"noopener noreferrer nofollow\" href=\"https:\/\/www.facebook.com\/sharer\/sharer.php?u=https:\/\/cadglobal.eu\/hr\/category\/novosti\/\" target=\"_blank\" class=\" wd-social-icon social-facebook\" aria-label=\"Facebook social link\">\n\t\t\t\t\t\t<span class=\"wd-icon\"><\/span>\n\t\t\t\t\t\t\t\t\t\t\t<\/a>\n\t\t\t\t\n\t\t\t\t\t\t\t\t\t<a rel=\"noopener noreferrer nofollow\" href=\"https:\/\/x.com\/share?url=https:\/\/cadglobal.eu\/hr\/category\/novosti\/\" target=\"_blank\" class=\" wd-social-icon social-twitter\" aria-label=\"X social link\">\n\t\t\t\t\t\t<span class=\"wd-icon\"><\/span>\n\t\t\t\t\t\t\t\t\t\t\t<\/a>\n\t\t\t\t\n\t\t\t\t\t\t\t\t\t<a rel=\"noopener noreferrer nofollow\" href=\"mailto:?subject=Check%20this%20https:\/\/cadglobal.eu\/hr\/category\/novosti\/\" target=\"_blank\" class=\" wd-social-icon social-email\" aria-label=\"Email social link\">\n\t\t\t\t\t\t<span class=\"wd-icon\"><\/span>\n\t\t\t\t\t\t\t\t\t\t\t<\/a>\n\t\t\t\t\n\t\t\t\t\n\t\t\t\t\n\t\t\t\t\n\t\t\t\t\n\t\t\t\t\n\t\t\t\t\n\t\t\t\t\n\t\t\t\t\n\t\t\t\t\n\t\t\t\t\n\t\t\t\t\n\t\t\t\t\n\t\t\t\t\n\t\t\t\t\n\t\t\t\t\t\t\t\t\n\t\t\t\t\t\t\t\t\n\t\t\t\t\n\t\t\t\t\n\t\t\t\t\t\t\t\t\t<a rel=\"noopener noreferrer nofollow\" href=\"https:\/\/telegram.me\/share\/url?url=https:\/\/cadglobal.eu\/hr\/category\/novosti\/\" target=\"_blank\" class=\" wd-social-icon social-tg\" aria-label=\"Telegram social link\">\n\t\t\t\t\t\t<span class=\"wd-icon\"><\/span>\n\t\t\t\t\t\t\t\t\t\t\t<\/a>\n\t\t\t\t\t\t\t\t\n\t\t\t\t\n\t\t\t<\/div>\n\n\t\t\t\t\t\t\t\t\t<\/div>\n\t\t\t\t\t\t<\/div>\n\t\t\t\t\t\t\t\t\t\t\t\t\n\t\t\t\t\t\t\t\n\t\t\t\t                    <div class=\"entry-content wd-entry-content\">\n\t\t\t\t\t\t<p>16.04.2013. Iza\u0161ao je jo\u0161 jedan update za novi progeCAD 2013 Professional, pogledajte listu svih novosti i unapre\u0111enja<\/p>\n\n\t\t\t\t\t\t\t\t\t\t\t<\/div><!-- .entry-content -->\n\t\t\t\t\n\t\t\t\t\t\t\t\t\t\t\t\t\t\t<p class=\"read-more-section\">\n\t\t\t\t\t\t<a class=\"btn-read-more more-link\" href=\"https:\/\/cadglobal.eu\/hr\/novosti\/izasao-je-jos-jedan-update-za-novi-progecad-2013-professional-pogledajte-listu-svih-novosti-i-unapredenja\/\">Pro\u010ditaj vi\u0161e<\/a>\t\t\t\t\t<\/p>\n\t\t\t\t\t\t\t\t\t\t\t\n\t\t\t\n\t\t\t\t\t<\/div>\n\t<\/div>\n<\/article><!-- #post -->\n\n\n\t\t\t\t\t\t\t\t\t\t\t\n<article id=\"post-3180\" class=\"wd-post blog-design-masonry blog-post-loop blog-style-bg wd-add-shadow wd-col post-3180 post type-post status-publish format-standard hentry category-novosti\">\n\t<div class=\"article-inner\">\n\t\t\t\t\t<header class=\"entry-header\">\n\t\t\t\t\n\t\t\t\t\t\t\t\t\t\t\t\t<div class=\"post-date wd-post-date wd-style-with-bg\">\n\t\t\t\t<span class=\"post-date-day\">\n\t\t\t\t\t05\t\t\t\t<\/span>\n\t\t\t\t<span class=\"post-date-month\">\n\t\t\t\t\to\u017eu\t\t\t\t<\/span>\n\t\t\t<\/div>\n\t\t\t\t\t\t\n\t\t\t<\/header><!-- .entry-header -->\n\n\t\t<div class=\"article-body-container\">\n\t\t\t\n\t\t\t\t\t\t\t\t\t<div class=\"meta-categories-wrapp\"><div class=\"meta-post-categories wd-post-cat wd-style-with-bg\"><a href=\"https:\/\/cadglobal.eu\/hr\/category\/novosti\/\" rel=\"category tag\">Novosti<\/a><\/div><\/div>\n\t\t\t\t\n\t\t\t\t\t\t\t\t\t<h3 class=\"wd-entities-title title post-title\">\n\t\t\t\t\t\t<a href=\"https:\/\/cadglobal.eu\/hr\/novosti\/novi-update-za-progecad-2013-professional\/\" rel=\"bookmark\">Novi update za progeCAD 2013 Professional<\/a>\n\t\t\t\t\t<\/h3>\n\t\t\t\t\n\t\t\t\t\t\t\t\t\t<div class=\"entry-meta wd-entry-meta\">\n\t\t\t\t\t\t\t\t\t<ul class=\"entry-meta-list\">\n\t\t\t\t\t\t\t\t\t<li class=\"modified-date\">\n\t\t\t\t\t\t\t\t<time class=\"updated\" datetime=\"2024-05-13T08:47:43+02:00\">\n\t\t\t13.05.2024.\t\t<\/time>\n\t\t\t\t\t\t\t<\/li>\n\n\t\t\t\t\t\n\t\t\t\t\t\t\t\t\t\t\t<li class=\"meta-author\">\n\t\t\t\t\t\t\t\t\t\t\t\t<span>By<\/span>\n\t\t\n\t\t\t\t\t<img alt='author-avatar' src='https:\/\/secure.gravatar.com\/avatar\/f01d86db7ce2007216528f4548055cbc35396988a164a484a0db264e4cfb132c?s=32&#038;d=mm&#038;r=g' srcset='https:\/\/secure.gravatar.com\/avatar\/f01d86db7ce2007216528f4548055cbc35396988a164a484a0db264e4cfb132c?s=64&#038;d=mm&#038;r=g 2x' class='avatar avatar-32 photo' height='32' width='32' decoding='async'\/>\t\t\n\t\t<a href=\"https:\/\/cadglobal.eu\/hr\/autor\/sara\/\" rel=\"author\">\n\t\t\t<span class=\"vcard author author_name\">\n\t\t\t\t<span class=\"fn\">Sara<\/span>\n\t\t\t<\/span>\n\t\t<\/a>\n\t\t\t\t\t\t\t\t<\/li>\n\t\t\t\t\t\n\t\t\t\t\t\n\t\t\t\t\t\t\t\t\t\t\t\t<\/ul>\n\t\t\t\t\t\t\t<\/div><!-- .entry-meta -->\n\t\t\t\t\t\t\t\t\t\t\t<div class=\"hovered-social-icons wd-tltp wd-tltp-top\">\n\t\t\t\t\t\t\t<div class=\"wd-tooltip-label\">\n\t\t\t\t\t\t\t\t\n\t\t\t<div class=\" wd-social-icons icons-design-default icons-size-small color-scheme-light social-share social-form-circle text-center\">\n\n\t\t\t\t\n\t\t\t\t\t\t\t\t\t<a rel=\"noopener noreferrer nofollow\" href=\"https:\/\/www.facebook.com\/sharer\/sharer.php?u=https:\/\/cadglobal.eu\/hr\/category\/novosti\/\" target=\"_blank\" class=\" wd-social-icon social-facebook\" aria-label=\"Facebook social link\">\n\t\t\t\t\t\t<span class=\"wd-icon\"><\/span>\n\t\t\t\t\t\t\t\t\t\t\t<\/a>\n\t\t\t\t\n\t\t\t\t\t\t\t\t\t<a rel=\"noopener noreferrer nofollow\" href=\"https:\/\/x.com\/share?url=https:\/\/cadglobal.eu\/hr\/category\/novosti\/\" target=\"_blank\" class=\" wd-social-icon social-twitter\" aria-label=\"X social link\">\n\t\t\t\t\t\t<span class=\"wd-icon\"><\/span>\n\t\t\t\t\t\t\t\t\t\t\t<\/a>\n\t\t\t\t\n\t\t\t\t\t\t\t\t\t<a rel=\"noopener noreferrer nofollow\" href=\"mailto:?subject=Check%20this%20https:\/\/cadglobal.eu\/hr\/category\/novosti\/\" target=\"_blank\" class=\" wd-social-icon social-email\" aria-label=\"Email social link\">\n\t\t\t\t\t\t<span class=\"wd-icon\"><\/span>\n\t\t\t\t\t\t\t\t\t\t\t<\/a>\n\t\t\t\t\n\t\t\t\t\n\t\t\t\t\n\t\t\t\t\n\t\t\t\t\n\t\t\t\t\n\t\t\t\t\n\t\t\t\t\n\t\t\t\t\n\t\t\t\t\n\t\t\t\t\n\t\t\t\t\n\t\t\t\t\n\t\t\t\t\n\t\t\t\t\n\t\t\t\t\t\t\t\t\n\t\t\t\t\t\t\t\t\n\t\t\t\t\n\t\t\t\t\n\t\t\t\t\t\t\t\t\t<a rel=\"noopener noreferrer nofollow\" href=\"https:\/\/telegram.me\/share\/url?url=https:\/\/cadglobal.eu\/hr\/category\/novosti\/\" target=\"_blank\" class=\" wd-social-icon social-tg\" aria-label=\"Telegram social link\">\n\t\t\t\t\t\t<span class=\"wd-icon\"><\/span>\n\t\t\t\t\t\t\t\t\t\t\t<\/a>\n\t\t\t\t\t\t\t\t\n\t\t\t\t\n\t\t\t<\/div>\n\n\t\t\t\t\t\t\t\t\t<\/div>\n\t\t\t\t\t\t<\/div>\n\t\t\t\t\t\t\t\t\t\t\t\t\n\t\t\t\t\t\t\t\n\t\t\t\t                    <div class=\"entry-content wd-entry-content\">\n\t\t\t\t\t\t<p>05.03.2013. Novi update za progeCAD 2013 Professional<\/p>\n\n\t\t\t\t\t\t\t\t\t\t\t<\/div><!-- .entry-content -->\n\t\t\t\t\n\t\t\t\t\t\t\t\t\t\t\t\t\t\t<p class=\"read-more-section\">\n\t\t\t\t\t\t<a class=\"btn-read-more more-link\" href=\"https:\/\/cadglobal.eu\/hr\/novosti\/novi-update-za-progecad-2013-professional\/\">Pro\u010ditaj vi\u0161e<\/a>\t\t\t\t\t<\/p>\n\t\t\t\t\t\t\t\t\t\t\t\n\t\t\t\n\t\t\t\t\t<\/div>\n\t<\/div>\n<\/article><!-- #post -->\n\n\n\t\t\t\t\t\n\t\t\t\t\t","status":"have-posts","nextPage":"https:\/\/cadglobal.eu\/hr\/category\/novosti\/page\/6\/?woo_ajax=1","currentPage":"https:\/\/cadglobal.eu\/hr\/category\/novosti\/page\/5"}